{"id":2094,"date":"2022-02-23T22:28:54","date_gmt":"2022-02-23T19:28:54","guid":{"rendered":"http:\/\/brassoi-turista-egyesulet.eu\/?p=2094"},"modified":"2022-02-23T22:29:20","modified_gmt":"2022-02-23T19:29:20","slug":"2022-februar-26-marcius-5","status":"publish","type":"post","link":"https:\/\/brassoi-turista-egyesulet.eu\/?p=2094","title":{"rendered":"2022 febru\u00e1r 26 -m\u00e1rcius 5"},"content":{"rendered":"<div><b>\u00a0<\/b><\/div>\n<div>A h\u00f3nap v\u00e9g\u00e9n,26-\u00e1n, vagy m\u00e1rcius 5-\u00e9n szervezz\u00fck meg a k\u00f6vetkez\u0151 t\u00far\u00e1t, az id\u0151j\u00e1r\u00e1s f\u00fcggv\u00e9ny\u00e9ben. A k\u00f6vetkez\u0151 h\u00e9tre, majdnem minden napra r\u00f3sz id\u0151j\u00e1r\u00e1st j\u00f3solnak a meteorol\u00f3gusok.\u00a0 \u00a0A t\u00fara ir\u00e1ny\u00e1t k\u00f6z\u00f6sen hat\u00e1rozzuk el.<\/div>\n<div>Tov\u00e1bbi r\u00e9szletek \u00e9s bejelentkez\u00e9s az\u00a0<b>ismert telefonsz\u00e1mon.\u00a0<\/b><\/div>\n<div><\/div>\n<div><span style=\"display:block;clear:both;height: 0px;padding-top: 20px;\"><\/span><\/div>\n<div>[singlepic id=10130 w=640 h=480 float=center]<\/div>\n<div><span style=\"display:block;clear:both;height: 0px;padding-top: 20px;\"><\/span><\/div>\n<div><\/div>\n<div><b>A m\u00faltkori t\u00far\u00e1val kapcsolatban. Salamonk\u0151.<\/b><\/div>\n<div>A\u00a0<b>Salamonk\u0151\u00a0<\/b>szikl\u00e1val k\u00f6r\u00fclvett katlanj\u00e1ban, \u00e1lltal\u00e1ban minden \u00e9vben egyszer-k\u00e9tszer ell\u00e1togatunk. Most febru\u00e1rban ker\u00fclt r\u00e1 sor.<\/div>\n<div>Tavaszias sz\u00e9p, kellemes id\u0151ben volt r\u00e9sz\u00fcnk. Az erd\u0151kben a h\u00f3 m\u00e1r elolvadt, viszont az utak jegesek voltak. A jeges utak ellen\u00e9re el\u00e9g j\u00f3l tudtunk k\u00f6zlekedni. Szokatlanul sok\u00a0<span class=\"il\">turista<\/span>. Mivel a szikl\u00e1k sz\u00e1razok voltak, sokan m\u00e1sztak ki a szikl\u00e1k tetej\u00e9re.<\/div>\n<div>A k\u00f6zelben lev\u0151 kis vend\u00e9gl\u0151 m\u00e1ra m\u00e1r tejesen \u00f6sszeomlott, siralmas k\u00e9pet mutatott, ez\u00e9rt nem is f\u00e9nyk\u00e9pezt\u00fck le.<\/div>\n<div>A tavasz els\u0151 h\u00edrn\u00f6ke, a h\u00f3vir\u00e1g m\u00e1r gy\u00f6ny\u00f6rk\u00f6dtette mag\u00e1t.<\/div>\n<div><b>Fot\u00f3 gal\u00e9ria:<\/b><\/div>\n<div><span style=\"display:block;clear:both;height: 0px;padding-top: 20px;\"><\/span><\/div>\n<div>[nggallery id=813]<\/div>\n<div><\/div>\n","protected":false},"excerpt":{"rendered":"<p>\u00a0 A h\u00f3nap v\u00e9g\u00e9n,26-\u00e1n, vagy m\u00e1rcius 5-\u00e9n szervezz\u00fck meg a k\u00f6vetkez\u0151 t\u00far\u00e1t, az id\u0151j\u00e1r\u00e1s f\u00fcggv\u00e9ny\u00e9ben. A k\u00f6vetkez\u0151 h\u00e9tre, majdnem minden napra r\u00f3sz id\u0151j\u00e1r\u00e1st j\u00f3solnak a meteorol\u00f3gusok.\u00a0 \u00a0A t\u00fara ir\u00e1ny\u00e1t k\u00f6z\u00f6sen hat\u00e1rozzuk el. Tov\u00e1bbi r\u00e9szletek \u00e9s bejelentkez\u00e9s az\u00a0ismert telefonsz\u00e1mon.\u00a0 [singlepic id=10130 w=640 h=480 float=center] A m\u00faltkori t\u00far\u00e1val kapcsolatban. Salamonk\u0151. A\u00a0Salamonk\u0151\u00a0szikl\u00e1val k\u00f6r\u00fclvett katlanj\u00e1ban, \u00e1lltal\u00e1ban minden \u00e9vben egyszer-k\u00e9tszer &hellip; <a href=\"https:\/\/brassoi-turista-egyesulet.eu\/?p=2094\" class=\"more-link\">Continue reading <span class=\"screen-reader-text\">2022 febru\u00e1r 26 -m\u00e1rcius 5<\/span> <span class=\"meta-nav\">&rarr;<\/span><\/a><\/p>\n","protected":false},"author":1,"featured_media":0,"comment_status":"closed","ping_status":"closed","sticky":false,"template":"","format":"standard","meta":{"footnotes":""},"categories":[2],"tags":[],"class_list":["post-2094","post","type-post","status-publish","format-standard","hentry","category-turak"],"_links":{"self":[{"href":"https:\/\/brassoi-turista-egyesulet.eu\/index.php?rest_route=\/wp\/v2\/posts\/2094","targetHints":{"allow":["GET"]}}],"collection":[{"href":"https:\/\/brassoi-turista-egyesulet.eu\/index.php?rest_route=\/wp\/v2\/posts"}],"about":[{"href":"https:\/\/brassoi-turista-egyesulet.eu\/index.php?rest_route=\/wp\/v2\/types\/post"}],"author":[{"embeddable":true,"href":"https:\/\/brassoi-turista-egyesulet.eu\/index.php?rest_route=\/wp\/v2\/users\/1"}],"replies":[{"embeddable":true,"href":"https:\/\/brassoi-turista-egyesulet.eu\/index.php?rest_route=%2Fwp%2Fv2%2Fcomments&post=2094"}],"version-history":[{"count":2,"href":"https:\/\/brassoi-turista-egyesulet.eu\/index.php?rest_route=\/wp\/v2\/posts\/2094\/revisions"}],"predecessor-version":[{"id":2096,"href":"https:\/\/brassoi-turista-egyesulet.eu\/index.php?rest_route=\/wp\/v2\/posts\/2094\/revisions\/2096"}],"wp:attachment":[{"href":"https:\/\/brassoi-turista-egyesulet.eu\/index.php?rest_route=%2Fwp%2Fv2%2Fmedia&parent=2094"}],"wp:term":[{"taxonomy":"category","embeddable":true,"href":"https:\/\/brassoi-turista-egyesulet.eu\/index.php?rest_route=%2Fwp%2Fv2%2Fcategories&post=2094"},{"taxonomy":"post_tag","embeddable":true,"href":"https:\/\/brassoi-turista-egyesulet.eu\/index.php?rest_route=%2Fwp%2Fv2%2Ftags&post=2094"}],"curies":[{"name":"wp","href":"https:\/\/api.w.org\/{rel}","templated":true}]}}