{"id":2103,"date":"2022-03-14T22:21:08","date_gmt":"2022-03-14T19:21:08","guid":{"rendered":"http:\/\/brassoi-turista-egyesulet.eu\/?p=2103"},"modified":"2022-03-15T22:23:53","modified_gmt":"2022-03-15T19:23:53","slug":"2022-marcius-26","status":"publish","type":"post","link":"https:\/\/brassoi-turista-egyesulet.eu\/?p=2103","title":{"rendered":"2022 m\u00e1rcius 26\u00a0"},"content":{"rendered":"<div>[singlepic id=10212 w=640 h=480 float=center]<\/div>\n<div><span style=\"display:block;clear:both;height: 0px;padding-top: 20px;\"><\/span><\/div>\n<div>\n<div>[singlepic id=10211 w=640 h=480 float=center]<\/div>\n<div><span style=\"display:block;clear:both;height: 0px;padding-top: 20px;\"><\/span><\/div>\n<\/div>\n<div><b>\u00a0<\/b><\/div>\n<div><b>El\u00f6lj\u00e1r\u00f3ban, m\u00e1rcius 15-\u00e9n az 1849-es szabads\u00e1rharc\u00a0 h\u0151seire eml\u00e9kez\u00fcnk.\u00a0<\/b><\/div>\n<div><b>Brass\u00f3hoz legk\u00f6zelebb a szabads\u00e1gharc az Als\u00f3t\u00f6m\u00f6si-szorosban a Magyarv\u00e1rn\u00e1l \u00fctk\u00f6ztek meg az orosz csapatokkal. 1849 j\u00fanius 20-di\u00e1n. Szab\u00f3 N\u00e1ndor alezredes vezet\u00e9s\u00e9vel. A csata, Brass\u00f3ban a Fellegv\u00e1rn\u00e1l folytat\u00f3dott amit egy eml\u00e9kt\u00e1bla bizony\u00edt.<\/b><\/div>\n<div><b>R\u00e9szletes le\u00edr\u00e1st Orb\u00e1n Bal\u00e1zs \u00edr\u00e1s\u00e1ban tal\u00e1lunk.\u00a0<\/b><\/div>\n<div>Az eltelt \u00e9vek sor\u00e1n,\u00a0<b>m\u00e1rcius 15-\u00e9n,\u00a0<\/b><b>Sz\u00e9kelyf\u00f6ld\u00f6n\u00a0<\/b>sokfel\u00e9<b>\u00a0<\/b>a szabads\u00e1gharcr\u00f3l eml\u00e9keztek meg. Ezekb\u0151l a megeml\u00e9kez\u00e9sekb\u0151l l\u00e1thatunk egy p\u00e1rat.<\/div>\n<div><b>Fot\u00f3 gal\u00e9ria:<\/b><\/div>\n<div>\u00a0<span style=\"display:block;clear:both;height: 0px;padding-top: 20px;\"><\/span><\/div>\n<div>[singlepic id=10213 w=640 h=480 float=center]<\/div>\n<div><span style=\"display:block;clear:both;height: 0px;padding-top: 20px;\"><\/span><\/div>\n<div>[nggallery id=819]<\/div>\n<div><span style=\"display:block;clear:both;height: 0px;padding-top: 20px;\"><\/span><\/div>\n<div><b>\u00a0<\/b><\/div>\n<div><b>T\u00fara.<\/b><\/div>\n<div><b>T\u00far\u00e1t legk\u00f6zelebb a h\u00f3nap v\u00e9g\u00e9n szervez\u00fcnk.\u00a0<\/b><\/div>\n<div>A t\u00fara ir\u00e1ny\u00e1t k\u00f6z\u00f6sen hat\u00e1rozzuk el az id\u0151j\u00e1r\u00e1s f\u00fcggv\u00e9ny\u00e9ben. Javasolt t\u00far a t\u00f6bbsz\u00f6r elhalasztott\u00a0<b>Lempes.\u00a0<\/b><\/div>\n<div>Tov\u00e1bbi r\u00e9szletek \u00e9s bejelentkez\u00e9s az\u00a0<b>ismert telefonsz\u00e1mon.<\/b><\/div>\n<div><\/div>\n<div><b>A m\u00faltkori t\u00far\u00e1val kapcsolatban. Rakod\u00f3-v\u00f6lgy.<\/b><\/div>\n<div>A\u00a0<b>m\u00e1rcius 9-\u00e9re\u00a0<\/b>halasztott\u00a0<b>lempesi\u00a0<\/b>t\u00far\u00e1t a k\u00f6zbej\u00f6tt, tov\u00e1bb tart\u00f3 nagy havaz\u00e1sok miatt nem tartottuk meg. Nem a hegyet akartuk l\u00e1tni, mivel ott m\u00e1r sokszor j\u00e1rtuk, hanem a kora tavaszi vir\u00e1gokat.<\/div>\n<div>Bor\u00fas id\u0151ben a\u00a0<b>Rakod\u00f3-v\u00f6lgy\u00e9ben\u00a0<\/b>\u00a0indultunk el, a volt\u00a0<b>Tomba fogad\u00f3<\/b>\u00a0fel\u00e9. (Magyarul ezt a kis vend\u00e9gfogad\u00f3t\u00a0<b>J\u00e9pur\u00e1nak\u00a0<\/b>nevezt\u00e9k. Lehetett k\u00e1v\u00e9zni, s\u00f6r\u00f6zni. Ez m\u00e1r mint a m\u00falt\u00e9. Ezen a helyen most egy nem l\u00e1tv\u00e1nyos, n\u00e9vtelen \u00e9p\u00fcletet lehet l\u00e1tni. A helys\u00e9gben, kuty\u00e1k, macsk\u00e1k \u00e9s kapirg\u00e1l\u00f3 majors\u00e1gok, de padok \u00e9s asztalok is vannak az ide l\u00e1t\u00f3gat\u00f3 turist\u00e1knak. Egy b\u0151v\u00edz\u0171 forr\u00e1s is van a k\u00f6zelben.<\/div>\n<div>A f\u00e1kon l\u00e1that\u00f3 k\u00e9k h\u00e1romsz\u00f6g\u00a0<span class=\"il\">turista<\/span>\u00a0jelz\u00e9sen, a v\u00f6lgy\u00f6n kereszt\u00fcl majd a kim\u00e1szva a\u00a0<b>Rokapad\u00a0<\/b>\u00a0k\u00f6rny\u00e9k\u00e9re\u00a0a\u00a0<b>Poj\u00e1n\u00e1ban\u00a0<\/b>lehet feljutni. Nagyon sz\u00e9p az \u00fat \u00e9s nem neh\u00e9z, de<b>\u00a0vigy\u00e1zat! medv\u00e9kkel tal\u00e1lkozhatunk!<\/b>)\u00a0<b>\u00a0\u00a0<\/b><\/div>\n<div>R\u00f6vid id\u0151 m\u00falva, nagy k\u00f6d ereszkedett le \u00e9s s\u0171r\u0171n kezdett havazni. A nagy h\u00f3ban, \u00fagy n\u00e9zt\u00fcnk ki, mintha\u00a0 h\u00f3emberek lenn\u00e9nk.\u00a0 Az utat nem folytattuk, majd m\u00e1skor.<\/div>\n","protected":false},"excerpt":{"rendered":"<p>[singlepic id=10212 w=640 h=480 float=center] [singlepic id=10211 w=640 h=480 float=center] \u00a0 El\u00f6lj\u00e1r\u00f3ban, m\u00e1rcius 15-\u00e9n az 1849-es szabads\u00e1rharc\u00a0 h\u0151seire eml\u00e9kez\u00fcnk.\u00a0 Brass\u00f3hoz legk\u00f6zelebb a szabads\u00e1gharc az Als\u00f3t\u00f6m\u00f6si-szorosban a Magyarv\u00e1rn\u00e1l \u00fctk\u00f6ztek meg az orosz csapatokkal. 1849 j\u00fanius 20-di\u00e1n. Szab\u00f3 N\u00e1ndor alezredes vezet\u00e9s\u00e9vel. A csata, Brass\u00f3ban a Fellegv\u00e1rn\u00e1l folytat\u00f3dott amit egy eml\u00e9kt\u00e1bla bizony\u00edt. R\u00e9szletes le\u00edr\u00e1st Orb\u00e1n Bal\u00e1zs \u00edr\u00e1s\u00e1ban tal\u00e1lunk.\u00a0 &hellip; <a href=\"https:\/\/brassoi-turista-egyesulet.eu\/?p=2103\" class=\"more-link\">Continue reading <span class=\"screen-reader-text\">2022 m\u00e1rcius 26\u00a0<\/span> <span class=\"meta-nav\">&rarr;<\/span><\/a><\/p>\n","protected":false},"author":1,"featured_media":0,"comment_status":"closed","ping_status":"closed","sticky":false,"template":"","format":"standard","meta":{"footnotes":""},"categories":[2],"tags":[],"class_list":["post-2103","post","type-post","status-publish","format-standard","hentry","category-turak"],"_links":{"self":[{"href":"https:\/\/brassoi-turista-egyesulet.eu\/index.php?rest_route=\/wp\/v2\/posts\/2103","targetHints":{"allow":["GET"]}}],"collection":[{"href":"https:\/\/brassoi-turista-egyesulet.eu\/index.php?rest_route=\/wp\/v2\/posts"}],"about":[{"href":"https:\/\/brassoi-turista-egyesulet.eu\/index.php?rest_route=\/wp\/v2\/types\/post"}],"author":[{"embeddable":true,"href":"https:\/\/brassoi-turista-egyesulet.eu\/index.php?rest_route=\/wp\/v2\/users\/1"}],"replies":[{"embeddable":true,"href":"https:\/\/brassoi-turista-egyesulet.eu\/index.php?rest_route=%2Fwp%2Fv2%2Fcomments&post=2103"}],"version-history":[{"count":3,"href":"https:\/\/brassoi-turista-egyesulet.eu\/index.php?rest_route=\/wp\/v2\/posts\/2103\/revisions"}],"predecessor-version":[{"id":2106,"href":"https:\/\/brassoi-turista-egyesulet.eu\/index.php?rest_route=\/wp\/v2\/posts\/2103\/revisions\/2106"}],"wp:attachment":[{"href":"https:\/\/brassoi-turista-egyesulet.eu\/index.php?rest_route=%2Fwp%2Fv2%2Fmedia&parent=2103"}],"wp:term":[{"taxonomy":"category","embeddable":true,"href":"https:\/\/brassoi-turista-egyesulet.eu\/index.php?rest_route=%2Fwp%2Fv2%2Fcategories&post=2103"},{"taxonomy":"post_tag","embeddable":true,"href":"https:\/\/brassoi-turista-egyesulet.eu\/index.php?rest_route=%2Fwp%2Fv2%2Ftags&post=2103"}],"curies":[{"name":"wp","href":"https:\/\/api.w.org\/{rel}","templated":true}]}}