{"id":2111,"date":"2022-04-15T22:12:14","date_gmt":"2022-04-15T19:12:14","guid":{"rendered":"http:\/\/brassoi-turista-egyesulet.eu\/?p=2111"},"modified":"2022-04-16T22:01:44","modified_gmt":"2022-04-16T19:01:44","slug":"2022-aprilis-22","status":"publish","type":"post","link":"https:\/\/brassoi-turista-egyesulet.eu\/?p=2111","title":{"rendered":"2022 \u00e1prilis 22"},"content":{"rendered":"<div style=\"text-align: center;\">[singlepic id=10276 w=640 h=480 float=center]<\/div>\n<div style=\"text-align: center;\"><span style=\"display:block;clear:both;height: 0px;padding-top: 20px;\"><\/span><\/div>\n<div style=\"text-align: center;\"><b><span style=\"font-size: large;\">\u00c1LD\u00d3TT\u00a0 H\u00daSV\u00c9TI\u00a0 \u00dcNNEPEKET !<\/span><\/b><\/div>\n<div><b><span style=\"font-size: large;\">\u00a0<\/span><\/b><\/div>\n<div>Az \u00e1prilis 8.-\u00e1ra terveztt t\u00far\u00e1t az eg\u00e9sznapos es\u0151z\u00e9s miatt elhalasztottuk j\u00f6v\u0151 szombatra.<\/div>\n<div>A h\u00f3nap v\u00e9g\u00e9n, 22-\u00e9n folytatjuk a tavaszi vir\u00e1gt\u00far\u00e1t a\u00a0<b>R\u00e9tyi Ny\u00edrben,\u00a0<\/b>az id\u0151j\u00e1r\u00e1s f\u00fcggv\u00e9ny\u00e9ben.<\/div>\n<div>Tov\u00e1bbi r\u00e9szletek \u00e9s bejelentkez\u00e9s az<b>\u00a0ismert telefonsz\u00e1mon.\u00a0<\/b><\/div>\n<div><\/div>\n<div><span style=\"display:block;clear:both;height: 0px;padding-top: 20px;\"><\/span><\/div>\n<div>[singlepic id=10277 w=640 h=480 float=center]<\/div>\n<div><span style=\"display:block;clear:both;height: 0px;padding-top: 20px;\"><\/span><\/div>\n<div><\/div>\n<div><b>A m\u00faltkori t\u00far\u00e1val kapcsolatban: kikerics vir\u00e1gt\u00fara a Plaiul Foii ( Barca-patak ) \u00e9s a Spirlea v\u00f6lgy\u00e9ben.\u00a0<\/b><\/div>\n<div>A sz\u00e9ps\u00e9ges\u00a0<b>Kir\u00e1lyk\u0151\u00a0<\/b>hossz\u00fa gerince alatt t\u00f6bb vir\u00e1gos v\u00f6lgy tal\u00e1lhat\u00f3. \u00dagy az \u00e9szaki mint a d\u00e9li hegy alatt.\u00a0 \u00a0Az eml\u00edtett k\u00e9t v\u00f6lgyb\u0151l sz\u00e9p kil\u00e1t\u00e1s ny\u00edlik a hegys\u00e9g gerinc\u00e9re, szikl\u00e1ira.<\/div>\n<div>\u00c1ltal\u00e1ban, minden tavasszal ell\u00e1togatunk ezekben a v\u00f6lgyekben. Most nagy meglepet\u00e9s v\u00e1rt r\u00e1nk. A v\u00f6lgyekben, kilom\u00e9tereken kereszt\u00fcl t\u00f6megesen kivir\u00e1gzott a kikerics \u00e9s a h\u00f3vir\u00e1g. De sz\u00e9p l\u00e1tv\u00e1nyt ny\u00fajtott a v\u00f6lgyekben a krist\u00e1lytiszta cs\u00f6rgedez\u0151 patakok kis zuhatagokat alkotva. H\u00e1rmas l\u00e1tv\u00e1nyban gy\u00f6ny\u00f6rk\u00f6dhet\u00fcnk: a\u00a0<b>Kir\u00e1lyk\u0151, vir\u00e1gok \u00e9s kellemesen z\u00fag\u00f3 patakok.\u00a0<\/b><\/div>\n<div><b>Fot\u00f3 gal\u00e9ria:\u00a0<\/b><\/div>\n<div><\/div>\n<div>[nggallery id=823]<\/div>\n","protected":false},"excerpt":{"rendered":"<p>[singlepic id=10276 w=640 h=480 float=center] \u00c1LD\u00d3TT\u00a0 H\u00daSV\u00c9TI\u00a0 \u00dcNNEPEKET ! \u00a0 Az \u00e1prilis 8.-\u00e1ra terveztt t\u00far\u00e1t az eg\u00e9sznapos es\u0151z\u00e9s miatt elhalasztottuk j\u00f6v\u0151 szombatra. A h\u00f3nap v\u00e9g\u00e9n, 22-\u00e9n folytatjuk a tavaszi vir\u00e1gt\u00far\u00e1t a\u00a0R\u00e9tyi Ny\u00edrben,\u00a0az id\u0151j\u00e1r\u00e1s f\u00fcggv\u00e9ny\u00e9ben. Tov\u00e1bbi r\u00e9szletek \u00e9s bejelentkez\u00e9s az\u00a0ismert telefonsz\u00e1mon.\u00a0 [singlepic id=10277 w=640 h=480 float=center] A m\u00faltkori t\u00far\u00e1val kapcsolatban: kikerics vir\u00e1gt\u00fara a Plaiul Foii ( &hellip; <a href=\"https:\/\/brassoi-turista-egyesulet.eu\/?p=2111\" class=\"more-link\">Continue reading <span class=\"screen-reader-text\">2022 \u00e1prilis 22<\/span> <span class=\"meta-nav\">&rarr;<\/span><\/a><\/p>\n","protected":false},"author":1,"featured_media":0,"comment_status":"closed","ping_status":"closed","sticky":false,"template":"","format":"standard","meta":{"footnotes":""},"categories":[2],"tags":[],"class_list":["post-2111","post","type-post","status-publish","format-standard","hentry","category-turak"],"_links":{"self":[{"href":"https:\/\/brassoi-turista-egyesulet.eu\/index.php?rest_route=\/wp\/v2\/posts\/2111","targetHints":{"allow":["GET"]}}],"collection":[{"href":"https:\/\/brassoi-turista-egyesulet.eu\/index.php?rest_route=\/wp\/v2\/posts"}],"about":[{"href":"https:\/\/brassoi-turista-egyesulet.eu\/index.php?rest_route=\/wp\/v2\/types\/post"}],"author":[{"embeddable":true,"href":"https:\/\/brassoi-turista-egyesulet.eu\/index.php?rest_route=\/wp\/v2\/users\/1"}],"replies":[{"embeddable":true,"href":"https:\/\/brassoi-turista-egyesulet.eu\/index.php?rest_route=%2Fwp%2Fv2%2Fcomments&post=2111"}],"version-history":[{"count":3,"href":"https:\/\/brassoi-turista-egyesulet.eu\/index.php?rest_route=\/wp\/v2\/posts\/2111\/revisions"}],"predecessor-version":[{"id":2114,"href":"https:\/\/brassoi-turista-egyesulet.eu\/index.php?rest_route=\/wp\/v2\/posts\/2111\/revisions\/2114"}],"wp:attachment":[{"href":"https:\/\/brassoi-turista-egyesulet.eu\/index.php?rest_route=%2Fwp%2Fv2%2Fmedia&parent=2111"}],"wp:term":[{"taxonomy":"category","embeddable":true,"href":"https:\/\/brassoi-turista-egyesulet.eu\/index.php?rest_route=%2Fwp%2Fv2%2Fcategories&post=2111"},{"taxonomy":"post_tag","embeddable":true,"href":"https:\/\/brassoi-turista-egyesulet.eu\/index.php?rest_route=%2Fwp%2Fv2%2Ftags&post=2111"}],"curies":[{"name":"wp","href":"https:\/\/api.w.org\/{rel}","templated":true}]}}