{"id":2116,"date":"2022-04-27T20:58:58","date_gmt":"2022-04-27T17:58:58","guid":{"rendered":"http:\/\/brassoi-turista-egyesulet.eu\/?p=2116"},"modified":"2022-04-27T20:58:58","modified_gmt":"2022-04-27T17:58:58","slug":"2022-aprilis-30-majus-7","status":"publish","type":"post","link":"https:\/\/brassoi-turista-egyesulet.eu\/?p=2116","title":{"rendered":"2022 \u00e1prilis 30 &#8211; m\u00e1jus 7\u00a0"},"content":{"rendered":"<div style=\"text-align: left;\">[singlepic id=10296 w=640 h=480 float=center]<\/div>\n<div style=\"text-align: left;\"><span style=\"display:block;clear:both;height: 0px;padding-top: 20px;\"><\/span><\/div>\n<div style=\"text-align: center;\"><b><\/b><b>\u00c1prilis 22. a F\u00f6ld napja.<\/b><\/div>\n<div style=\"text-align: center;\"><b>Sepsiszentgy\u00f6rgy<\/b><\/div>\n<div><b>\u00a0<\/b><\/div>\n<div><b>\u00a0<\/b><\/div>\n<div>A h\u00e9t v\u00e9g\u00e9n, 30-adik\u00e1n, vagy m\u00e1jus 7-\u00e9n a t\u00fara ir\u00e1ny\u00e1t p\u00e9nteken hat\u00e1rozzuk el. Javasolt t\u00fara: a\u00a0<b>Cenk-hegy.\u00a0<\/b><\/div>\n<div>Tov\u00e1bbi r\u00e9szletek \u00e9s bejelentkez\u00e9s az\u00a0\u00a0<b>ismert telefonsz\u00e1mon.\u00a0<\/b><\/div>\n<div><b>\u00a0<\/b><\/div>\n<div><span style=\"display:block;clear:both;height: 0px;padding-top: 20px;\"><\/span><\/div>\n<div>[singlepic id=10297 w=640 h=480 float=center]<\/div>\n<div><span style=\"display:block;clear:both;height: 0px;padding-top: 20px;\"><\/span><\/div>\n<div><\/div>\n<div><b>A m\u00faltkori t\u00far\u00e1val kapcsolatban, 22-\u00e9n a F\u00f6ld napj\u00e1n a R\u00e9tyi Ny\u00edrben kir\u00e1ndultunk.\u00a0<\/b><\/div>\n<div>Az es\u0151s id\u0151j\u00e1r\u00e1s ellen\u00e9re kor\u00e1n reggel indultunk el Brass\u00f3b\u00f3l. A r\u00e9tyi t\u00f3n\u00e1l a ny\u00edres fel\u00e9 vett\u00fck az ir\u00e1nyt, az erd\u0151k \u00e9s vizes boz\u00f3tok fel\u00e9.<\/div>\n<div>\u00dagy 50 \u00e9ve j\u00e1rjuk a Ny\u00edrest. \u00c1lltal\u00e1ban a vir\u00e1gos \u00e9s a\u00a0 tavir\u00f3zs\u00e1k\u00a0 vid\u00e9k\u00e9t szoktuk felkeresni. Most a R\u00e9ty Ny\u00edr\u00a0 erd\u0151s vid\u00e9k\u00e9n s\u00e9t\u00e1lgattunk, kellemes id\u0151ben, a v\u00f6r\u00f6s-homokos \u00f6sv\u00e9nyeken. Tudott dolog, hogy a\u00a0<b>R\u00e9tyi Ny\u00edr vid\u00e9ke homok buck\u00e1kb\u00f3l bor\u00edtott.<\/b><\/div>\n<div>D\u00e9lut\u00e1n gyeng\u00e9n csepegni kezdett az es\u0151. Hazafel\u00e9 indultunk. kellemes ,sz\u00e9p t\u00far\u00e1ba volt r\u00e9sz\u00fcnk.<\/div>\n<div>Megjegyezz\u00fck, hogy az \u00f6tven \u00e9v alatt, nagyon sokat v\u00e1ltozott a Ny\u00edres. A t\u00f6megesen vir\u00e1gz\u00f3 tavir\u00f3zs\u00e1t, m\u00e1r csak nagyon ritk\u00e1n lehet l\u00e1tni. A k\u00e9k k\u00f6k\u00f6rcsin, kock\u00e1s tulip\u00e1n m\u00e9g l\u00e1that\u00f3, de kel, hogy tudjad, hogy hol keressed.<\/div>\n<div>A\u00a0<b>R\u00e9ty\u00ed Ny\u00edr\u00a0<\/b>tavas, liget-erdeje, a k\u00fcl\u00f6nb\u00f6z\u0151 vir\u00e1gok, U<b>zont\u00f3l a 3-4 km -re lev\u0151 Szentiv\u00e1n telep\u00fcl\u00e9st\u0151l\u00a0 lehet el\u00e9rni.\u00a0<\/b>Jobbra egy \u00fat \u00e1gazik ki\u00a0<b>Sepsimagyaros\u00a0<\/b>fel\u00e9. A\u00a0<b>Fekete\u00fcgy patak\u00a0<\/b>\u00a0h\u00eddon \u00e1tmenve a ny\u00edresbe vagyunk.<\/div>\n<div><b>1970-ben, Sepsiszentgy\u00f6rgy\u00f6n, Konya Ad\u00e1m, Kov\u00e1cs S\u00e1ndor szerkeszt\u00e9s\u00e9ben <\/b><b><span style=\"font-size: large;\">A R\u00c9TYI NY\u00cdR\u00a0<\/span><\/b><b>\u00c9S K\u00d6RNY\u00c9KE c<\/b><b>\u00edm\u0171 kis k\u00f6nyve jelent<\/b><b>\u00a0meg.<\/b><\/div>\n<div style=\"text-align: left;\"><\/div>\n<div style=\"text-align: center;\"><b>Bekezd\u00e9s:<\/b><\/div>\n<div style=\"text-align: center;\"><b><span style=\"font-size: large;\">F<\/span>\u00f6ldig hajl\u00f3, d\u00fas koron\u00e1j\u00fa \u00f6reg ny\u00edrf\u00e1k liget-erdeje.<\/b><\/div>\n<div style=\"text-align: center;\"><b>L\u00e1gyhajlat\u00fa, v\u00e9g n\u00e9lk\u00fcl v\u00e1ltakoz\u00f3, alacsony\u00a0\u00a0\u00a0<\/b><\/div>\n<div style=\"text-align: center;\">b\u00e1rsonyos gyeppel, tarka vir\u00e1gok sz\u00ednes<\/div>\n<div style=\"text-align: center;\"><b>sz\u0151ttes\u00e9vel bor\u00edtott homokbuck\u00e1k.<\/b><\/div>\n<div style=\"text-align: center;\"><b>Selym\u00e9kes, zsomb\u00e9kos \u00e9geresek rejt\u00e9tyes v\u00edzi n\u00f6v\u00e9ny-<\/b><\/div>\n<div style=\"text-align: center;\"><b>\u00e9s \u00e1llatk\u00f6z\u00f6ss\u00e9get dajk\u00e1l\u00f3 sek\u00e9lyv\u00edz\u0171 tavakkal, tavir\u00f3zs\u00e1kkal,<\/b><\/div>\n<div style=\"text-align: center;\"><b>f\u00e9l\u00e9nk v\u00edzimadarakkal.\u00a0<\/b><\/div>\n<div style=\"text-align: center;\"><b>Erdeifeny\u0151 s\u00e1vok k\u00f6zt h\u00faz\u00f3d\u00f3 rozs \u00e9s burgonyaf\u00f6ldek,\u00a0<\/b><\/div>\n<div style=\"text-align: center;\"><b>sz\u00e9les legel\u0151k ny\u00e1jakkal \u00e9s homok.<\/b><\/div>\n<div style=\"text-align: center;\"><b>Minden\u00fctt a jellegzetes rozsdav\u00f6r\u00f6s homok.<\/b><\/div>\n<div style=\"text-align: center;\"><span style=\"font-size: large;\"><b>EZ A R\u00c9TYI NY\u00cdR<\/b><\/span><b>\u00a0!<\/b><\/div>\n<div><b>\u00a0<\/b><\/div>\n<div><b>Fot\u00f3 gal\u00e9ria I. :\u00a0<\/b><\/div>\n<div><\/div>\n<div><span style=\"display:block;clear:both;height: 0px;padding-top: 20px;\"><\/span><\/div>\n<div>[nggallery id=825]<\/div>\n<div><span style=\"display:block;clear:both;height: 0px;padding-top: 20px;\"><\/span><\/div>\n<div><\/div>\n<div><b>Fot\u00f3 gal\u00e9ria II. : Kor\u00e1bbi felv\u00e9teleken a ny\u00edres vir\u00e1gai, n\u00e1das tavak.\u00a0<\/b><\/div>\n<div><\/div>\n<div><span style=\"display:block;clear:both;height: 0px;padding-top: 20px;\"><\/span><\/div>\n<div>[nggallery id=826]<\/div>\n","protected":false},"excerpt":{"rendered":"<p>[singlepic id=10296 w=640 h=480 float=center] \u00c1prilis 22. a F\u00f6ld napja. Sepsiszentgy\u00f6rgy \u00a0 \u00a0 A h\u00e9t v\u00e9g\u00e9n, 30-adik\u00e1n, vagy m\u00e1jus 7-\u00e9n a t\u00fara ir\u00e1ny\u00e1t p\u00e9nteken hat\u00e1rozzuk el. Javasolt t\u00fara: a\u00a0Cenk-hegy.\u00a0 Tov\u00e1bbi r\u00e9szletek \u00e9s bejelentkez\u00e9s az\u00a0\u00a0ismert telefonsz\u00e1mon.\u00a0 \u00a0 [singlepic id=10297 w=640 h=480 float=center] A m\u00faltkori t\u00far\u00e1val kapcsolatban, 22-\u00e9n a F\u00f6ld napj\u00e1n a R\u00e9tyi Ny\u00edrben kir\u00e1ndultunk.\u00a0 Az es\u0151s &hellip; <a href=\"https:\/\/brassoi-turista-egyesulet.eu\/?p=2116\" class=\"more-link\">Continue reading <span class=\"screen-reader-text\">2022 \u00e1prilis 30 &#8211; m\u00e1jus 7\u00a0<\/span> <span class=\"meta-nav\">&rarr;<\/span><\/a><\/p>\n","protected":false},"author":1,"featured_media":0,"comment_status":"closed","ping_status":"closed","sticky":false,"template":"","format":"standard","meta":{"footnotes":""},"categories":[2],"tags":[],"class_list":["post-2116","post","type-post","status-publish","format-standard","hentry","category-turak"],"_links":{"self":[{"href":"https:\/\/brassoi-turista-egyesulet.eu\/index.php?rest_route=\/wp\/v2\/posts\/2116","targetHints":{"allow":["GET"]}}],"collection":[{"href":"https:\/\/brassoi-turista-egyesulet.eu\/index.php?rest_route=\/wp\/v2\/posts"}],"about":[{"href":"https:\/\/brassoi-turista-egyesulet.eu\/index.php?rest_route=\/wp\/v2\/types\/post"}],"author":[{"embeddable":true,"href":"https:\/\/brassoi-turista-egyesulet.eu\/index.php?rest_route=\/wp\/v2\/users\/1"}],"replies":[{"embeddable":true,"href":"https:\/\/brassoi-turista-egyesulet.eu\/index.php?rest_route=%2Fwp%2Fv2%2Fcomments&post=2116"}],"version-history":[{"count":1,"href":"https:\/\/brassoi-turista-egyesulet.eu\/index.php?rest_route=\/wp\/v2\/posts\/2116\/revisions"}],"predecessor-version":[{"id":2117,"href":"https:\/\/brassoi-turista-egyesulet.eu\/index.php?rest_route=\/wp\/v2\/posts\/2116\/revisions\/2117"}],"wp:attachment":[{"href":"https:\/\/brassoi-turista-egyesulet.eu\/index.php?rest_route=%2Fwp%2Fv2%2Fmedia&parent=2116"}],"wp:term":[{"taxonomy":"category","embeddable":true,"href":"https:\/\/brassoi-turista-egyesulet.eu\/index.php?rest_route=%2Fwp%2Fv2%2Fcategories&post=2116"},{"taxonomy":"post_tag","embeddable":true,"href":"https:\/\/brassoi-turista-egyesulet.eu\/index.php?rest_route=%2Fwp%2Fv2%2Ftags&post=2116"}],"curies":[{"name":"wp","href":"https:\/\/api.w.org\/{rel}","templated":true}]}}