{"id":2124,"date":"2022-05-11T21:33:03","date_gmt":"2022-05-11T18:33:03","guid":{"rendered":"http:\/\/brassoi-turista-egyesulet.eu\/?p=2124"},"modified":"2022-05-11T21:52:53","modified_gmt":"2022-05-11T18:52:53","slug":"2022-majus-13","status":"publish","type":"post","link":"https:\/\/brassoi-turista-egyesulet.eu\/?p=2124","title":{"rendered":"2022 m\u00e1jus 13"},"content":{"rendered":"<p>[singlepic id=10347 w=640 h=480 float=center]<br \/>\n<span style=\"display:block;clear:both;height: 0px;padding-top: 20px;\"><\/span><\/p>\n<p><b><\/b><b>M\u00e1jus 10-\u00e9n a MADARAK \u00c9S A F\u00c1K napj\u00e1ra eml<\/b><b>\u00e9kezt\u00fcnk.<br \/>\n<\/b>T\u00far\u00e1t, legk\u00f6zelebb m\u00e1jus 13-\u00e1n szervez\u00fcnk az id\u0151j\u00e1r\u00e1s f\u00fcggv\u00e9ny\u00e9ben.<br \/>\nTov\u00e1bbi r\u00e9szletek \u00e9s bejelentkez\u00e9s\u00a0<b>az ismert telefonsz\u00e1mon.\u00a0<\/b><\/p>\n<div><span style=\"display:block;clear:both;height: 0px;padding-top: 20px;\"><\/span><br \/>\n[singlepic id=10348 w=640 h=480 float=center]<br \/>\n<span style=\"display:block;clear:both;height: 0px;padding-top: 20px;\"><\/span><\/div>\n<div><\/div>\n<div><b>M\u00e1jus 8 -\u00e1n, vas\u00e1rnap katolikus \u00fcnnep\u00e9lyen vett\u00fcnk r\u00e9szt.\u00a0<\/b><\/div>\n<div><b>A bolonyai J\u00e9zus Szent Sz\u00edve romai Katolikus pl\u00e9b\u00e1niatemplomban. A gyerekek\u00a0 \u00a0els\u0151 \u00e1ldoz\u00e1son vettek r\u00e9szt.\u00a0<\/b><\/div>\n<div>Sz\u00fcl\u00f6k, rokonok, megh\u00edvottak, bar\u00e1tok sokas\u00e1ga vett r\u00e9szt az \u00fcnnep\u00e9lyen. T\u00f6bbek k\u00f6z\u00f6tt a\u00a0<b>BTE\u00a0<\/b>egyes\u00fclet legfiatalabb tagja, mind\u00f6ssze, 9 \u00e9ves\u00a0<b>Szotyori Bal\u00e1zs\u00a0<\/b>is.<\/div>\n<div>Miut\u00e1n az \u00fcnnep\u00e9ly v\u00e9get \u00e9rt, a gyerekek a templom el\u0151tt f\u00e9nyk\u00e9pet k\u00e9sz\u00edtettek majd\u00a0kaka\u00f3t inni\u00a0mentek a templom udvar\u00e1ra. A k\u00fcl\u00f6nb\u00f6z\u0151 sz\u00fcl\u00f6kh\u00f6z tartoz\u00f3 gyerekek az esem\u00e9ny meg\u00fcnnepl\u00e9s\u00e9re t\u00e1voztak.\u00a0<b>Bal\u00e1zska\u00a0<\/b>sz\u00fclei a megh\u00edvottakkal a\u00a0<b>Piroska panzi\u00f3ban\u00a0<\/b>\u00fcnnepeltek tov\u00e1bb k\u00e9s\u0151 d\u00e9lut\u00e1nig.<\/div>\n<div><b>Fot\u00f3 gal\u00e9ria:<\/b><\/div>\n<div><\/div>\n<div><span style=\"display:block;clear:both;height: 0px;padding-top: 20px;\"><\/span><\/div>\n<div>[nggallery id=830]<\/div>\n","protected":false},"excerpt":{"rendered":"<p>[singlepic id=10347 w=640 h=480 float=center] M\u00e1jus 10-\u00e9n a MADARAK \u00c9S A F\u00c1K napj\u00e1ra eml\u00e9kezt\u00fcnk. T\u00far\u00e1t, legk\u00f6zelebb m\u00e1jus 13-\u00e1n szervez\u00fcnk az id\u0151j\u00e1r\u00e1s f\u00fcggv\u00e9ny\u00e9ben. Tov\u00e1bbi r\u00e9szletek \u00e9s bejelentkez\u00e9s\u00a0az ismert telefonsz\u00e1mon.\u00a0 [singlepic id=10348 w=640 h=480 float=center] M\u00e1jus 8 -\u00e1n, vas\u00e1rnap katolikus \u00fcnnep\u00e9lyen vett\u00fcnk r\u00e9szt.\u00a0 A bolonyai J\u00e9zus Szent Sz\u00edve romai Katolikus pl\u00e9b\u00e1niatemplomban. A gyerekek\u00a0 \u00a0els\u0151 \u00e1ldoz\u00e1son vettek r\u00e9szt.\u00a0 &hellip; <a href=\"https:\/\/brassoi-turista-egyesulet.eu\/?p=2124\" class=\"more-link\">Continue reading <span class=\"screen-reader-text\">2022 m\u00e1jus 13<\/span> <span class=\"meta-nav\">&rarr;<\/span><\/a><\/p>\n","protected":false},"author":1,"featured_media":0,"comment_status":"closed","ping_status":"closed","sticky":false,"template":"","format":"standard","meta":{"footnotes":""},"categories":[2],"tags":[],"class_list":["post-2124","post","type-post","status-publish","format-standard","hentry","category-turak"],"_links":{"self":[{"href":"https:\/\/brassoi-turista-egyesulet.eu\/index.php?rest_route=\/wp\/v2\/posts\/2124","targetHints":{"allow":["GET"]}}],"collection":[{"href":"https:\/\/brassoi-turista-egyesulet.eu\/index.php?rest_route=\/wp\/v2\/posts"}],"about":[{"href":"https:\/\/brassoi-turista-egyesulet.eu\/index.php?rest_route=\/wp\/v2\/types\/post"}],"author":[{"embeddable":true,"href":"https:\/\/brassoi-turista-egyesulet.eu\/index.php?rest_route=\/wp\/v2\/users\/1"}],"replies":[{"embeddable":true,"href":"https:\/\/brassoi-turista-egyesulet.eu\/index.php?rest_route=%2Fwp%2Fv2%2Fcomments&post=2124"}],"version-history":[{"count":3,"href":"https:\/\/brassoi-turista-egyesulet.eu\/index.php?rest_route=\/wp\/v2\/posts\/2124\/revisions"}],"predecessor-version":[{"id":2127,"href":"https:\/\/brassoi-turista-egyesulet.eu\/index.php?rest_route=\/wp\/v2\/posts\/2124\/revisions\/2127"}],"wp:attachment":[{"href":"https:\/\/brassoi-turista-egyesulet.eu\/index.php?rest_route=%2Fwp%2Fv2%2Fmedia&parent=2124"}],"wp:term":[{"taxonomy":"category","embeddable":true,"href":"https:\/\/brassoi-turista-egyesulet.eu\/index.php?rest_route=%2Fwp%2Fv2%2Fcategories&post=2124"},{"taxonomy":"post_tag","embeddable":true,"href":"https:\/\/brassoi-turista-egyesulet.eu\/index.php?rest_route=%2Fwp%2Fv2%2Ftags&post=2124"}],"curies":[{"name":"wp","href":"https:\/\/api.w.org\/{rel}","templated":true}]}}