{"id":2131,"date":"2022-05-30T21:21:51","date_gmt":"2022-05-30T18:21:51","guid":{"rendered":"http:\/\/brassoi-turista-egyesulet.eu\/?p=2131"},"modified":"2022-05-30T21:22:17","modified_gmt":"2022-05-30T18:22:17","slug":"2022-majus-28-junius-4","status":"publish","type":"post","link":"https:\/\/brassoi-turista-egyesulet.eu\/?p=2131","title":{"rendered":"2022 m\u00e1jus 28 &#8211; j\u00fanius 4"},"content":{"rendered":"<p>&nbsp;<\/p>\n<div>[singlepic id=10406 w=640 h=480 float=center]<\/div>\n<div><span style=\"display:block;clear:both;height: 0px;padding-top: 20px;\"><\/span><\/div>\n<div><b>Vir\u00e1gzik a kir\u00e1lyr\u00f3zsa a Nagyk\u0151-havason \u00e9s a Kereszt\u00e9ny-havason.\u00a0<\/b><\/div>\n<div><b>A Kereszt\u00e9ny-havason tudjuk, hogy hol kell keresni a kir\u00e1lyr\u00f3zs\u00e1t, viszont most ott a medv\u00e9k tany\u00e1znak.\u00a0\u00a0<\/b><\/div>\n<div><b>Az enci\u00e1n \u00e9s a turb\u00e1n liliom is vir\u00e1gzik.\u00a0<\/b><\/div>\n<div>A p\u00e9ntekre szervezett t\u00far\u00e1t a k\u00f6zbej\u00f6tt esem\u00e9ny miatt elhalasztottuk 24-\u00e9re, keddre. A\u00a0<b>kereszt\u00e9ny-havasra\u00a0<\/b>akartunk kir\u00e1ndulni, de nem tudtuk, hogy kedden a gondola verifik\u00e1l\u00e1s miatt nem k\u00f6zlekedik. A t\u00far\u00e1t tov\u00e1bb halasztottuk\u00a0<b>28-\u00e1ra,<\/b>\u00a0szombatra a\u00a0<b>Kereszt\u00e9ny-havasra.<\/b><\/div>\n<div>Tov\u00e1bbi r\u00e9szletek \u00e9s bejelentkez\u00e9s az<b>\u00a0ismert telefonsz\u00e1mon.<\/b><\/div>\n<div><\/div>\n<div><span style=\"display:block;clear:both;height: 0px;padding-top: 20px;\"><\/span><\/div>\n<div>[singlepic id=10407 w=440 h=480 float=center]<\/div>\n<div><span style=\"display:block;clear:both;height: 0px;padding-top: 20px;\"><\/span><\/div>\n<div><\/div>\n<div><\/div>\n<div>A m\u00faltkori t\u00far\u00e1kkal kapcsolatban.\u00a0<b>Brass\u00f3-Poj\u00e1na &#8211; Kereszt\u00e9ny-havas.<\/b><\/div>\n<div>A meteorol\u00f3gusok, szombatra viharos nagy es\u0151z\u00e9st j\u00f3soltak. \u00dagy \u00e9rtes\u00fclt\u00fcnk, hogy a rossz-id\u0151 d\u00e9lut\u00e1n, kb. h\u00e1rom \u00f3rak\u00f3r k\u00f6vetkezik be. Ez be is teljes\u00fclt.<\/div>\n<div>Szombat reggel, sz\u00e9p der\u00fclt id\u0151. Elindultunk \u00e9s a felvon\u00f3val ment\u00fcnk fel a\u00a0<b>Kereszt\u00e9ny-havasra.\u00a0<\/b>Bej\u00e1rtuk az eg\u00e9sz fels\u0151 gerincet a cs\u00facst\u00f3l kiindulva. A\u00a0<b>Nagyk\u0151-havas, T\u00f6m\u00f6s-v\u00f6lgye, majd a Bucsecs-hegys\u00e9g szikl\u00e1s gerince, tov\u00e1bb\u00e1 a Kir\u00e1lyk\u0151 vonulata volt l\u00e1that\u00f3 a hom\u00e1lyban. Vissza\u00e9rve a felvon\u00f3hoz a Kereszt\u00e9ny-havas tov\u00e1bbi cs\u00facsait l\u00e1ttuk.\u00a0<\/b><\/div>\n<div>A\u00a0<b>Kir\u00e1lyk\u0151t \u00e9s a B\u00facsecs-hegys\u00e9get hamarosan s\u0171r\u0171 felh\u0151zet b\u00fajtatta el, de D\u00e9l fel\u00e9 az \u00e9g der\u00fclt maradt.\u00a0<\/b><\/div>\n<div>Miut\u00e1n le\u00e9rt\u00fcnk, egy s\u00e9t\u00e1t tett\u00fcnk a\u00a0<b>Poj\u00e1n\u00e1ban<\/b>, majd a romantikus\u00a0<b>Fekete kecske\u00a0<\/b>panzi\u00f3ban eb\u00e9delt\u00fcnk meg. \u00c9rdekess\u00e9gb\u0151l megeml\u00edtj\u00fck, hogy ez volt az els\u0151 turisztikai l\u00e9tes\u00edtm\u00e9ny a\u00a0<b>Poj\u00e1n\u00e1ban.\u00a0\u00a0<\/b>Egy kis fah\u00e1zik\u00f3 volt, eml\u00e9ksz\u00fcnk r\u00e1.<\/div>\n<div>\u00dagy 3-\u00f3ra fel\u00e9 kezdtek a felh\u0151k leereszkedni, de nem esett, tov\u00e1bbra is kellemes volt az id\u0151.<\/div>\n<div>Elindultunk a busz fel\u00e9. Az \u00fat folyam\u00e1n gyeng\u00e9n csepegni kezdett az es\u0151. Viszont\u00a0<b>Brass\u00f3ban be\u00e9rve, hatalmas z\u00e1por es\u0151 fogadott.\u00a0<\/b>Bok\u00e1ig \u00e9r\u0151 v\u00edzben \u00e9s j\u00f3l meg\u00e1zva \u00e9rt\u00fcnk haza, abban a pillanatba el \u00e1lt az es\u0151.<\/div>\n<div>Olyat m\u00e9g nem tapasztaltunk, hogy fent a hegyen nem esik, viszont lent a v\u00e1rosban zuhog az es\u0151.<\/div>\n<div><b>Fot\u00f3 gal\u00e9ria:<\/b><\/div>\n<div><\/div>\n<div><span style=\"display:block;clear:both;height: 0px;padding-top: 20px;\"><\/span><\/div>\n<div>[nggallery id=834]<\/div>\n<div><\/div>\n","protected":false},"excerpt":{"rendered":"<p>&nbsp; [singlepic id=10406 w=640 h=480 float=center] Vir\u00e1gzik a kir\u00e1lyr\u00f3zsa a Nagyk\u0151-havason \u00e9s a Kereszt\u00e9ny-havason.\u00a0 A Kereszt\u00e9ny-havason tudjuk, hogy hol kell keresni a kir\u00e1lyr\u00f3zs\u00e1t, viszont most ott a medv\u00e9k tany\u00e1znak.\u00a0\u00a0 Az enci\u00e1n \u00e9s a turb\u00e1n liliom is vir\u00e1gzik.\u00a0 A p\u00e9ntekre szervezett t\u00far\u00e1t a k\u00f6zbej\u00f6tt esem\u00e9ny miatt elhalasztottuk 24-\u00e9re, keddre. A\u00a0kereszt\u00e9ny-havasra\u00a0akartunk kir\u00e1ndulni, de nem tudtuk, hogy kedden &hellip; <a href=\"https:\/\/brassoi-turista-egyesulet.eu\/?p=2131\" class=\"more-link\">Continue reading <span class=\"screen-reader-text\">2022 m\u00e1jus 28 &#8211; j\u00fanius 4<\/span> <span class=\"meta-nav\">&rarr;<\/span><\/a><\/p>\n","protected":false},"author":1,"featured_media":0,"comment_status":"closed","ping_status":"closed","sticky":false,"template":"","format":"standard","meta":{"footnotes":""},"categories":[2],"tags":[],"class_list":["post-2131","post","type-post","status-publish","format-standard","hentry","category-turak"],"_links":{"self":[{"href":"https:\/\/brassoi-turista-egyesulet.eu\/index.php?rest_route=\/wp\/v2\/posts\/2131","targetHints":{"allow":["GET"]}}],"collection":[{"href":"https:\/\/brassoi-turista-egyesulet.eu\/index.php?rest_route=\/wp\/v2\/posts"}],"about":[{"href":"https:\/\/brassoi-turista-egyesulet.eu\/index.php?rest_route=\/wp\/v2\/types\/post"}],"author":[{"embeddable":true,"href":"https:\/\/brassoi-turista-egyesulet.eu\/index.php?rest_route=\/wp\/v2\/users\/1"}],"replies":[{"embeddable":true,"href":"https:\/\/brassoi-turista-egyesulet.eu\/index.php?rest_route=%2Fwp%2Fv2%2Fcomments&post=2131"}],"version-history":[{"count":2,"href":"https:\/\/brassoi-turista-egyesulet.eu\/index.php?rest_route=\/wp\/v2\/posts\/2131\/revisions"}],"predecessor-version":[{"id":2133,"href":"https:\/\/brassoi-turista-egyesulet.eu\/index.php?rest_route=\/wp\/v2\/posts\/2131\/revisions\/2133"}],"wp:attachment":[{"href":"https:\/\/brassoi-turista-egyesulet.eu\/index.php?rest_route=%2Fwp%2Fv2%2Fmedia&parent=2131"}],"wp:term":[{"taxonomy":"category","embeddable":true,"href":"https:\/\/brassoi-turista-egyesulet.eu\/index.php?rest_route=%2Fwp%2Fv2%2Fcategories&post=2131"},{"taxonomy":"post_tag","embeddable":true,"href":"https:\/\/brassoi-turista-egyesulet.eu\/index.php?rest_route=%2Fwp%2Fv2%2Ftags&post=2131"}],"curies":[{"name":"wp","href":"https:\/\/api.w.org\/{rel}","templated":true}]}}