{"id":2137,"date":"2022-06-14T21:25:53","date_gmt":"2022-06-14T18:25:53","guid":{"rendered":"http:\/\/brassoi-turista-egyesulet.eu\/?p=2137"},"modified":"2022-06-28T21:13:58","modified_gmt":"2022-06-28T18:13:58","slug":"2137","status":"publish","type":"post","link":"https:\/\/brassoi-turista-egyesulet.eu\/?p=2137","title":{"rendered":"2022 j\u00fanius 17"},"content":{"rendered":"<p>&nbsp;<\/p>\n<div>\n<div><span style=\"display:block;clear:both;height: 0px;padding-top: 20px;\"><\/span><\/div>\n<div>[singlepic id=10472 w=640 h=480 float=center]<\/div>\n<div><span style=\"display:block;clear:both;height: 0px;padding-top: 20px;\"><\/span><\/div>\n<\/div>\n<div><b>\u00a0<\/b><\/div>\n<div><b>A 1500 m. feletti hegyekben kivir\u00e1gzott a rododendron. Retyez\u00e1t, B\u00facsecs, Nagyk\u0151havas\u00a0<\/b><\/div>\n<div><b>J\u00fanius 17-\u00e9re rododendron t\u00far\u00e1t tervez\u00fcnk.\u00a0<\/b>Cs\u00fct\u00f6rt\u00f6k\u00f6n hat\u00e1rozunk az id\u0151j\u00e1r\u00e1s f\u00fcggv\u00e9ny\u00e9ben, hogy mikor lesz j\u00f3 id\u0151.\u00a0 Rem\u00e9lj\u00fck, hogy nem fog megverni sz es\u0151, mivel Med\u00e1rdnak erre nagyon f\u00e1j a foga.<\/div>\n<div>Tov\u00e1bbi r\u00e9szletek \u00e9s bejelentkez\u00e9s az\u00a0<b>ismert telefonsz\u00e1mon.\u00a0<\/b><\/div>\n<div><\/div>\n<div>\n<div><span style=\"display:block;clear:both;height: 0px;padding-top: 20px;\"><\/span><\/div>\n<div>[singlepic id=10470 w=640 h=480 float=center]<\/div>\n<div><span style=\"display:block;clear:both;height: 0px;padding-top: 20px;\"><\/span><\/div>\n<\/div>\n<div><\/div>\n<div><b>A m\u00faltheti t\u00far\u00e1val kapcsolatban: Prede\u00e1l &#8211; H\u00e1romfeny\u0151 &#8211; Sz\u00e9kely tiszt\u00e1s.\u00a0<\/b><\/div>\n<div><b>K\u00f6nny\u0171, s\u00e9ta t\u00fara.\u00a0<\/b><\/div>\n<div>Sokszor kir\u00e1ndultunk ide a\u00a0<b>Sz\u00e9kely tiszt\u00e1sra,\u00a0<\/b>egy sz\u00e9p turistah\u00e1z v\u00e1rja a kir\u00e1ndul\u00f3kat. \u00c1lltal\u00e1ban mindig\u00a0<b>Fels\u0151t\u00f6m\u00f6sr\u00f6l\u00a0<\/b>\u00a0indultunk el \u00e9s\u00a0<b>Prede\u00e1lra\u00a0<\/b>ereszkedt\u00fcnk le. Legel\u0151sz\u00f6r \u00fagy 50 \u00e9ve j\u00e1rtunk a tiszt\u00e1son.<\/div>\n<div>A\u00a0<b>H\u00e1rom feny\u0151t\u0151l\u00a0<\/b>1 km. lev\u0151 tiszt\u00e1s nem nagy, de ennek ellen\u00e9re nagyon sz\u00e9p a k\u00f6rny\u00e9ke. N\u00e9gy magas hegy veszi k\u00f6r\u00fcl:\u00a0<b>B\u00facsecs- hegys\u00e9g, Kir\u00e1lyk\u0151,\u00a0<\/b>igaz, hogy csak r\u00e9szben l\u00e1tszik a\u00a0<b>B\u00facsecs\u00a0<\/b>m\u00f6g\u00fcl,\u00a0<b>Kereszt\u00e9ny-havas,\u00a0<\/b>teljes hossz\u00e1ban gy\u00f6ny\u00f6rk\u00f6dteti mag\u00e1t \u00e9s v\u00e9g\u00fcl a\u00a0<b>Nagyk\u0151-havas.\u00a0<\/b><\/div>\n<div>\u00c9rdemes elgondolkozni azon, hogy honn\u00e9t ered a helys\u00e9g\u00a0 elnevez\u00e9se ?<\/div>\n<div><b>Prede\u00e1lt\u00f3l 6 km. A H\u00e1romfeny\u0151\u00a0<\/b>panzi\u00f3ig 5 km. aszfaltozott aut\u00f3\u00fat, tov\u00e1bb a\u00a0<b>Sz\u00e9kely tiszt\u00e1sig<\/b>\u00a0j\u00f3 min\u0151s\u00e9g\u0171 az \u00fat, de nem aszfaltozott, ez egy s\u00e9ta \u00fat.<\/div>\n<div>A\u00a0<b>H\u00e1romfeny\u0151t\u0151l\u00a0<\/b>\u00e9rdekes, sz\u00e9p kil\u00e1t\u00e1s ny\u00edlik a\u00a0<b>B\u00facsecs-hegys\u00e9g\u00a0<\/b>gerinc\u00e9re. Megkap\u00f3 l\u00e1tv\u00e1ny a\u00a0<b>Moraru (Malom cs\u00facs hegyes cs\u00facsai) 2013-ban amikor itt j\u00e1rtunk, az egyik hegyes cs\u00facson \u00e9rdekes emberi arcot figyelt\u00fcnk meg.\u00a0<\/b>T\u00f6bb kir\u00e1ndul\u00e1s alkalm\u00e1val figyelt\u00fck meg a cs\u00facsot, de t\u00f6bbet nem l\u00e1ttuk ezt a t\u00fcnem\u00e9nyt.<\/div>\n<div>Gy\u00f6ny\u00f6r\u0171, sz\u00e9p id\u0151ben volt r\u00e9sz\u00fcnk. Miut\u00e1n j\u00f3l kis\u00e9t\u00e1ltuk magunkat, az\u00a0<b>1070 m. Sz\u00e9kely tiszt\u00e1s\u00a0<\/b>turistah\u00e1zban eb\u00e9delt\u00fcnk meg.\u00a0\u00a0\u00a0<b>\u00a0<\/b><\/div>\n<div><b>\u00a0<\/b>\u00a0\u00a0<b>\u00a0<\/b>\u00a0 \u00a0\u00a0\u00a0<b>\u00a0 \u00a0<\/b><\/div>\n<div><span style=\"display:block;clear:both;height: 0px;padding-top: 20px;\"><\/span><\/div>\n<div>[singlepic id=10471 w=640 h=480 float=center]<\/div>\n<div><span style=\"display:block;clear:both;height: 0px;padding-top: 20px;\"><\/span><\/div>\n<div><\/div>\n<div><b>Fot\u00f3 gal\u00e9ria, B\u00facsecs-hegys\u00e9g:<\/b><\/div>\n<div><\/div>\n<div><span style=\"display:block;clear:both;height: 0px;padding-top: 20px;\"><\/span><\/div>\n<div>[nggallery id=837]<\/div>\n<div><span style=\"display:block;clear:both;height: 0px;padding-top: 20px;\"><\/span><\/div>\n<div><b>\u00a0<\/b><\/div>\n<div><b>Fot\u00f3 gal\u00e9ria, Sz\u00e9kely tiszt\u00e1s:\u00a0\u00a0<\/b><\/div>\n<div><\/div>\n<div><span style=\"display:block;clear:both;height: 0px;padding-top: 20px;\"><\/span><\/div>\n<div>[nggallery id=838]<\/div>\n","protected":false},"excerpt":{"rendered":"<p>&nbsp; [singlepic id=10472 w=640 h=480 float=center] \u00a0 A 1500 m. feletti hegyekben kivir\u00e1gzott a rododendron. Retyez\u00e1t, B\u00facsecs, Nagyk\u0151havas\u00a0 J\u00fanius 17-\u00e9re rododendron t\u00far\u00e1t tervez\u00fcnk.\u00a0Cs\u00fct\u00f6rt\u00f6k\u00f6n hat\u00e1rozunk az id\u0151j\u00e1r\u00e1s f\u00fcggv\u00e9ny\u00e9ben, hogy mikor lesz j\u00f3 id\u0151.\u00a0 Rem\u00e9lj\u00fck, hogy nem fog megverni sz es\u0151, mivel Med\u00e1rdnak erre nagyon f\u00e1j a foga. Tov\u00e1bbi r\u00e9szletek \u00e9s bejelentkez\u00e9s az\u00a0ismert telefonsz\u00e1mon.\u00a0 [singlepic id=10470 w=640 &hellip; <a href=\"https:\/\/brassoi-turista-egyesulet.eu\/?p=2137\" class=\"more-link\">Continue reading <span class=\"screen-reader-text\">2022 j\u00fanius 17<\/span> <span class=\"meta-nav\">&rarr;<\/span><\/a><\/p>\n","protected":false},"author":1,"featured_media":0,"comment_status":"closed","ping_status":"closed","sticky":false,"template":"","format":"standard","meta":{"footnotes":""},"categories":[2],"tags":[],"class_list":["post-2137","post","type-post","status-publish","format-standard","hentry","category-turak"],"_links":{"self":[{"href":"https:\/\/brassoi-turista-egyesulet.eu\/index.php?rest_route=\/wp\/v2\/posts\/2137","targetHints":{"allow":["GET"]}}],"collection":[{"href":"https:\/\/brassoi-turista-egyesulet.eu\/index.php?rest_route=\/wp\/v2\/posts"}],"about":[{"href":"https:\/\/brassoi-turista-egyesulet.eu\/index.php?rest_route=\/wp\/v2\/types\/post"}],"author":[{"embeddable":true,"href":"https:\/\/brassoi-turista-egyesulet.eu\/index.php?rest_route=\/wp\/v2\/users\/1"}],"replies":[{"embeddable":true,"href":"https:\/\/brassoi-turista-egyesulet.eu\/index.php?rest_route=%2Fwp%2Fv2%2Fcomments&post=2137"}],"version-history":[{"count":3,"href":"https:\/\/brassoi-turista-egyesulet.eu\/index.php?rest_route=\/wp\/v2\/posts\/2137\/revisions"}],"predecessor-version":[{"id":2148,"href":"https:\/\/brassoi-turista-egyesulet.eu\/index.php?rest_route=\/wp\/v2\/posts\/2137\/revisions\/2148"}],"wp:attachment":[{"href":"https:\/\/brassoi-turista-egyesulet.eu\/index.php?rest_route=%2Fwp%2Fv2%2Fmedia&parent=2137"}],"wp:term":[{"taxonomy":"category","embeddable":true,"href":"https:\/\/brassoi-turista-egyesulet.eu\/index.php?rest_route=%2Fwp%2Fv2%2Fcategories&post=2137"},{"taxonomy":"post_tag","embeddable":true,"href":"https:\/\/brassoi-turista-egyesulet.eu\/index.php?rest_route=%2Fwp%2Fv2%2Ftags&post=2137"}],"curies":[{"name":"wp","href":"https:\/\/api.w.org\/{rel}","templated":true}]}}