{"id":2170,"date":"2022-08-22T22:18:08","date_gmt":"2022-08-22T19:18:08","guid":{"rendered":"http:\/\/brassoi-turista-egyesulet.eu\/?p=2170"},"modified":"2022-08-31T22:24:36","modified_gmt":"2022-08-31T19:24:36","slug":"2170","status":"publish","type":"post","link":"https:\/\/brassoi-turista-egyesulet.eu\/?p=2170","title":{"rendered":"2022 szeptember 10"},"content":{"rendered":"<div><b>Mivel az el\u0151rejelz\u00e9s tov\u00e1bbra is tart\u00f3s, nagy meleget j\u00f3sol, t\u00far\u00e1t legk\u00f6zelebb szeptemberben szervez\u00fcnk. A nagy meleg nem alkalmas term\u00e9szet j\u00e1r\u00e1sra.\u00a0<\/b><\/div>\n<div>Javasolt t\u00fara:\u00a0<b>Gura Diham.\u00a0<\/b><\/div>\n<div>Tov\u00e1bbi r\u00e9szletek az\u00a0<b>ismert telefonsz\u00e1mon.\u00a0<\/b><\/div>\n<div><\/div>\n<div><span style=\"display:block;clear:both;height: 0px;padding-top: 20px;\"><\/span><\/div>\n<div>[singlepic id=10751 w=640 h=480 float=center]<\/div>\n<div><span style=\"display:block;clear:both;height: 0px;padding-top: 20px;\"><\/span><\/div>\n<div>[singlepic id=10752 w=640 h=480 float=center]<\/div>\n<div><span style=\"display:block;clear:both;height: 0px;padding-top: 20px;\"><\/span><\/div>\n<div><b>\u00a0<\/b><\/div>\n<div><b>A m\u00faltkori, augusztus 17-\u00e9n szervezett t\u00far\u00e1val kapcsolatban: Szent Istv\u00e1n kir\u00e1lyra\u00a0 eml\u00e9kezt\u00fcnk. Az \u00faj keny\u00e9r is az \u00fcnnep\u00e9lyhez f\u0171z\u0151dik.\u00a0\u00a0<\/b><\/div>\n<div><b>Az \u00e1llamalap\u00edt\u00f3 Szent Istv\u00e1n kir\u00e1ly eml\u00e9kt\u00fara, ker\u00e9kp\u00e1rral. Brass\u00f3 v\u00e1rai, templomai m\u0171eml\u00e9k \u00e9p\u00fcletei megtekint\u00e9se.\u00a0\u00a0<\/b><\/div>\n<div>Nem tudjuk azt, hogy\u00a0<b>Brass\u00f3\u00a0<\/b>ezer \u00e9vvel ezel\u0151tt l\u00e9tezett-e ? L\u00e9tezett, viszont t\u00e1mad\u00e1sok \u00e9rt\u00e9k: tat\u00e1rok, t\u00f6r\u00f6k\u00f6k. F\u00f6ldreng\u00e9sek, t\u0171zv\u00e9sz, j\u00e1rv\u00e1nyok puszt\u00edtottak. A le\u00edr\u00e1sok szerint egy 8000 lakos\u00fa v\u00e1ros volt. Hogy akkor hogy n\u00e9zhetett ki\u00a0 v\u00e1ros, nincs fogalmunk.\u00a0 \u00a0<b>\u00a0<\/b><\/div>\n<div><b>Augusztus 20-k\u00e1n, Szent Istv\u00e1n kir\u00e1ly napj\u00e1n a BTE nev\u00e9ben koszor\u00faz\u00e1ssal eml\u00e9kez\u00fcnk meg. Az \u00c1prily Lajos F\u0151gimn\u00e1zium udvar\u00e1n l\u00e9v\u0151 Sz\u00e9chenyi eml\u00e9km\u0171n\u00e9l.\u00a0<\/b><\/div>\n<div>Az eml\u00e9km\u0171 alatt sz\u00f6gek voltak. Ahova fel lehetett akasztani a koszor\u00fakat.\u00a0 Ezeket a sz\u00f6geket elt\u00e1vol\u00edtott\u00e1k, ez\u00e9rt a koszor\u00fak a f\u00f6ldre ker\u00fcltek. K\u00f6sz\u00f6nj\u00fck ezt a nemesi gesztust a szervez\u0151knek.\u00a0\u00a0<b>\u00a0<\/b><\/div>\n<div>A\u00a0<b>fot\u00f3 gal\u00e9ri\u00e1ban, Brass\u00f3 m\u0171eml\u00e9keir\u0151l eml\u00e9kez\u00fcnk meg. Egy p\u00e1rat eml\u00edtve: a Fellegv\u00e1r,\u00a0<\/b><b>a f\u00e9lk\u00f6r alak\u00fa Feh\u00e9r torony, a n\u00e9gysz\u00f6g alak\u00fa fekete torony, a Cenk alatti Kerek-b\u00e1stya, v\u00e1rfal &#8211; v\u00e1r-tornyok, Tak\u00e1cs-b\u00e1stya, Katalin kapu.\u00a0 A felvon\u00f3 bej\u00e1rat\u00e1n\u00e1l l\u00e9v\u0151 makett a Brass\u00f3via- v\u00e1ra l\u00e1that\u00f3. B\u0151vebben, Brass\u00f3 m\u0171eml\u00e9k \u00e9p\u00fcleteit, honlapunkon: &#8220;Brass\u00f3 hajdan\u00e1ban \u00e9s ma.&#8221; C\u00edm alatt l\u00e1thatunk.\u00a0 \u00a0\u00a0<\/b><\/div>\n<div><b>\u00a0 \u00a0 \u00a0 \u00a0 \u00a0 \u00a0 \u00a0 \u00a0 \u00a0 \u00a0 \u00a0 \u00a0 \u00a0 \u00a0 \u00a0 \u00a0 \u00a0 \u00a0 \u00a0 \u00a0ISTEN\u00a0 \u00c9LTESSEN, MAGYARORSZ\u00c1G !\u00a0 \u00a0 \u00a0 \u00a0<\/b><\/div>\n<div><b>\u00a0A f<\/b><b>ot\u00f3 gal\u00e9ri\u00e1ban, Brass\u00f3 tornyait \u00e9s egy p\u00e1r m\u0171<\/b><b>eml\u00e9k \u00e9p\u00fcletet l\u00e1thatunk.\u00a0\u00a0<\/b><\/div>\n<div><span style=\"display:block;clear:both;height: 0px;padding-top: 20px;\"><\/span><\/div>\n<div>[nggallery id=854]<\/div>\n","protected":false},"excerpt":{"rendered":"<p>Mivel az el\u0151rejelz\u00e9s tov\u00e1bbra is tart\u00f3s, nagy meleget j\u00f3sol, t\u00far\u00e1t legk\u00f6zelebb szeptemberben szervez\u00fcnk. A nagy meleg nem alkalmas term\u00e9szet j\u00e1r\u00e1sra.\u00a0 Javasolt t\u00fara:\u00a0Gura Diham.\u00a0 Tov\u00e1bbi r\u00e9szletek az\u00a0ismert telefonsz\u00e1mon.\u00a0 [singlepic id=10751 w=640 h=480 float=center] [singlepic id=10752 w=640 h=480 float=center] \u00a0 A m\u00faltkori, augusztus 17-\u00e9n szervezett t\u00far\u00e1val kapcsolatban: Szent Istv\u00e1n kir\u00e1lyra\u00a0 eml\u00e9kezt\u00fcnk. Az \u00faj keny\u00e9r is az \u00fcnnep\u00e9lyhez &hellip; <a href=\"https:\/\/brassoi-turista-egyesulet.eu\/?p=2170\" class=\"more-link\">Continue reading <span class=\"screen-reader-text\">2022 szeptember 10<\/span> <span class=\"meta-nav\">&rarr;<\/span><\/a><\/p>\n","protected":false},"author":1,"featured_media":0,"comment_status":"closed","ping_status":"closed","sticky":false,"template":"","format":"standard","meta":{"footnotes":""},"categories":[2],"tags":[],"class_list":["post-2170","post","type-post","status-publish","format-standard","hentry","category-turak"],"_links":{"self":[{"href":"https:\/\/brassoi-turista-egyesulet.eu\/index.php?rest_route=\/wp\/v2\/posts\/2170","targetHints":{"allow":["GET"]}}],"collection":[{"href":"https:\/\/brassoi-turista-egyesulet.eu\/index.php?rest_route=\/wp\/v2\/posts"}],"about":[{"href":"https:\/\/brassoi-turista-egyesulet.eu\/index.php?rest_route=\/wp\/v2\/types\/post"}],"author":[{"embeddable":true,"href":"https:\/\/brassoi-turista-egyesulet.eu\/index.php?rest_route=\/wp\/v2\/users\/1"}],"replies":[{"embeddable":true,"href":"https:\/\/brassoi-turista-egyesulet.eu\/index.php?rest_route=%2Fwp%2Fv2%2Fcomments&post=2170"}],"version-history":[{"count":4,"href":"https:\/\/brassoi-turista-egyesulet.eu\/index.php?rest_route=\/wp\/v2\/posts\/2170\/revisions"}],"predecessor-version":[{"id":2179,"href":"https:\/\/brassoi-turista-egyesulet.eu\/index.php?rest_route=\/wp\/v2\/posts\/2170\/revisions\/2179"}],"wp:attachment":[{"href":"https:\/\/brassoi-turista-egyesulet.eu\/index.php?rest_route=%2Fwp%2Fv2%2Fmedia&parent=2170"}],"wp:term":[{"taxonomy":"category","embeddable":true,"href":"https:\/\/brassoi-turista-egyesulet.eu\/index.php?rest_route=%2Fwp%2Fv2%2Fcategories&post=2170"},{"taxonomy":"post_tag","embeddable":true,"href":"https:\/\/brassoi-turista-egyesulet.eu\/index.php?rest_route=%2Fwp%2Fv2%2Ftags&post=2170"}],"curies":[{"name":"wp","href":"https:\/\/api.w.org\/{rel}","templated":true}]}}