{"id":2174,"date":"2022-08-31T22:10:34","date_gmt":"2022-08-31T19:10:34","guid":{"rendered":"http:\/\/brassoi-turista-egyesulet.eu\/?p=2174"},"modified":"2022-08-31T22:20:34","modified_gmt":"2022-08-31T19:20:34","slug":"2022-szeptember-10-1","status":"publish","type":"post","link":"https:\/\/brassoi-turista-egyesulet.eu\/?p=2174","title":{"rendered":"2022 szeptember 10 -1"},"content":{"rendered":"<p><b>A szeptember 10-\u00e9re javasolt t\u00fara, \u00e9rv\u00e9nyes.<\/b><\/p>\n<div><span style=\"display:block;clear:both;height: 0px;padding-top: 20px;\"><\/span><\/div>\n<div>[singlepic id=10794 w=640 h=480 float=center]<\/div>\n<div><span style=\"display:block;clear:both;height: 0px;padding-top: 20px;\"><\/span><\/div>\n<div><b>\u00a0<\/b><\/div>\n<div><b>A m\u00falth\u00e9ten a Warth\u00e9n s\u00e9t\u00e1ltunk.\u00a0<\/b><\/div>\n<div><b>Az eml\u00e9kt\u00far\u00e1t 27-\u00e9n, szombaton folytattuk. Barangol\u00e1s Brass\u00f3ban c\u00edm alatt.\u00a0<\/b><\/div>\n<div>A\u00a0<b>Cenk-hegy alatti s\u00e9t\u00e1nyok.\u00a0<\/b><\/div>\n<div>K\u00e9t s\u00e9t\u00e1ny van. Egy fels\u0151, a v\u00edz eloszt\u00f3 \u00e9s a felvon\u00f3 als\u00f3 \u00e1llom\u00e1sra, ahonn\u00e9t 10 lej\u00e9rt a\u00a0<b>Cenk-hegy\u00a0<\/b>s\u00e9t\u00e1ny\u00e1ra \u00e9rhet\u00fcnk, ahonn\u00e9t kis\u00e9t\u00e1lhatunk a kil\u00e1t\u00f3ra, ahonn\u00e9t az eg\u00e9sz v\u00e1rost bel\u00e1thassuk.<\/div>\n<div><b>A m\u00e1sik s\u00e9t\u00e1ny, az als\u00f3 a v\u00e1rfal mellett.\u00a0<\/b>\u00a0A\u00a0<b>Star \u00c1ruh\u00e1zt\u00f3l, a\u00a0<\/b>\u00a0\u00a0<b>hatalmas Kerek Posztosok b\u00e1sty\u00e1j\u00e1t\u00f3l lehet elindulni.\u00a0<\/b>Kb. 1 km. megt\u00e9tele ut\u00e1n \u00e9rkez\u00fcnk a\u00a0<b>Tak\u00e1cs\u00a0b\u00e1sty\u00e1hoz.\u00a0<\/b>Az \u00fat folyam\u00e1n n\u00e9gy\u00a0<b>L\u0151por<\/b>\u00a0tornyot l\u00e1thatunk:\u00a0<b>Fafarag\u00f3, Vad\u00e1sz, K\u00f6t\u00e9lver\u0151k \u00e9s a M\u0171v\u00e9szet tornya.<\/b><\/div>\n<div>A\u00a0<b>Tak\u00e1cs b\u00e1sty\u00e1hoz\u00a0<\/b>\u00e9rve egy kis kapun l\u00e9phet\u00fcnk be a b\u00e1sty\u00e1ban. A f\u0151bej\u00e1rat a m\u00e1sik fel\u00e9n van egy hajdani d\u00edszes kapu.<\/div>\n<div>A b\u00e1sty\u00e1ban sz\u00ednh\u00e1z m\u0171k\u00f6dik.<\/div>\n<div><b>F\u0151 l\u00e1tnival\u00f3, a v\u00e1ros-makettje.\u00a0<\/b><\/div>\n<div><b>Brass\u00f3ban t\u00f6bb m\u00fazeum is m\u0171k\u00f6dik: Muzeul de Art\u0103, Muzeul de Etnografie, Muzeul Civiliza\u021biei Urbane, Muzeul Gheorghe Creanga, Casa Mure\u0219enilor, Casa \u0218tefan Baciu.\u00a0<\/b><\/div>\n<div><b>\u00dagy tudjuk, hogy a Fekete \u00e9s a Feh\u00e9r tornyokban is m\u00fazeum van berendezve. legk\u00f6zelebb ezeket l\u00e1togassuk meg.\u00a0\u00a0<\/b><\/div>\n<div><b>Fot\u00f3 gal\u00e9ria, Cenk alatti s\u00e9t\u00e1ny:<\/b>\u00a0 \u00a0 \u00a0<b>\u00a0 \u00a0<\/b><\/div>\n<div><b>\u00a0<\/b><\/div>\n<div>\u00a0<span style=\"display:block;clear:both;height: 0px;padding-top: 20px;\"><\/span><\/div>\n<div>[nggallery id=856]<\/div>\n<div><span style=\"display:block;clear:both;height: 0px;padding-top: 20px;\"><\/span><\/div>\n<div><\/div>\n<div>\n<div><span style=\"display:block;clear:both;height: 0px;padding-top: 20px;\"><\/span><\/div>\n<div>[singlepic id=10795 w=640 h=480 float=center]<\/div>\n<div><span style=\"display:block;clear:both;height: 0px;padding-top: 20px;\"><\/span><\/div>\n<\/div>\n<div><b>Vas\u00e1rnap 28-\u00e1n folytattuk a Brass\u00f3 m\u00fazeum l\u00e1togat\u00e1s\u00e1t. A Tan\u00e1cs-t\u00e9ri V\u00e1rosh\u00e1z m\u00fazeumot l\u00e1togattuk meg.\u00a0<\/b><\/div>\n<div>Az als\u00f3 termeket bej\u00e1rva egy csavaros l\u00e9pcs\u0151n a fels\u0151 termekben \u00e9rt\u00fcnk. Itt tal\u00e1lkoztunk Cea\u0219escuval. Miut\u00e1n mindent megn\u00e9zt\u00fcnk, kiment\u00fcnk a teraszra, ahonn\u00e9t sz\u00e9p kil\u00e1t\u00e1sban volt r\u00e9sz\u00fcnk. De ink\u00e1bb besz\u00e9ljenek a k\u00e9pek.<\/div>\n<div><b>Fot\u00f3 gal\u00e9ria,\u00a0<\/b><b>Tan\u00e1cs-h\u00e1z:<\/b><\/div>\n<div><\/div>\n<div><span style=\"display:block;clear:both;height: 0px;padding-top: 20px;\"><\/span><\/div>\n<div>[nggallery id=858]<\/div>\n","protected":false},"excerpt":{"rendered":"<p>A szeptember 10-\u00e9re javasolt t\u00fara, \u00e9rv\u00e9nyes. [singlepic id=10794 w=640 h=480 float=center] \u00a0 A m\u00falth\u00e9ten a Warth\u00e9n s\u00e9t\u00e1ltunk.\u00a0 Az eml\u00e9kt\u00far\u00e1t 27-\u00e9n, szombaton folytattuk. Barangol\u00e1s Brass\u00f3ban c\u00edm alatt.\u00a0 A\u00a0Cenk-hegy alatti s\u00e9t\u00e1nyok.\u00a0 K\u00e9t s\u00e9t\u00e1ny van. Egy fels\u0151, a v\u00edz eloszt\u00f3 \u00e9s a felvon\u00f3 als\u00f3 \u00e1llom\u00e1sra, ahonn\u00e9t 10 lej\u00e9rt a\u00a0Cenk-hegy\u00a0s\u00e9t\u00e1ny\u00e1ra \u00e9rhet\u00fcnk, ahonn\u00e9t kis\u00e9t\u00e1lhatunk a kil\u00e1t\u00f3ra, ahonn\u00e9t az eg\u00e9sz v\u00e1rost &hellip; <a href=\"https:\/\/brassoi-turista-egyesulet.eu\/?p=2174\" class=\"more-link\">Continue reading <span class=\"screen-reader-text\">2022 szeptember 10 -1<\/span> <span class=\"meta-nav\">&rarr;<\/span><\/a><\/p>\n","protected":false},"author":1,"featured_media":0,"comment_status":"closed","ping_status":"closed","sticky":false,"template":"","format":"standard","meta":{"footnotes":""},"categories":[2],"tags":[],"class_list":["post-2174","post","type-post","status-publish","format-standard","hentry","category-turak"],"_links":{"self":[{"href":"https:\/\/brassoi-turista-egyesulet.eu\/index.php?rest_route=\/wp\/v2\/posts\/2174","targetHints":{"allow":["GET"]}}],"collection":[{"href":"https:\/\/brassoi-turista-egyesulet.eu\/index.php?rest_route=\/wp\/v2\/posts"}],"about":[{"href":"https:\/\/brassoi-turista-egyesulet.eu\/index.php?rest_route=\/wp\/v2\/types\/post"}],"author":[{"embeddable":true,"href":"https:\/\/brassoi-turista-egyesulet.eu\/index.php?rest_route=\/wp\/v2\/users\/1"}],"replies":[{"embeddable":true,"href":"https:\/\/brassoi-turista-egyesulet.eu\/index.php?rest_route=%2Fwp%2Fv2%2Fcomments&post=2174"}],"version-history":[{"count":3,"href":"https:\/\/brassoi-turista-egyesulet.eu\/index.php?rest_route=\/wp\/v2\/posts\/2174\/revisions"}],"predecessor-version":[{"id":2177,"href":"https:\/\/brassoi-turista-egyesulet.eu\/index.php?rest_route=\/wp\/v2\/posts\/2174\/revisions\/2177"}],"wp:attachment":[{"href":"https:\/\/brassoi-turista-egyesulet.eu\/index.php?rest_route=%2Fwp%2Fv2%2Fmedia&parent=2174"}],"wp:term":[{"taxonomy":"category","embeddable":true,"href":"https:\/\/brassoi-turista-egyesulet.eu\/index.php?rest_route=%2Fwp%2Fv2%2Fcategories&post=2174"},{"taxonomy":"post_tag","embeddable":true,"href":"https:\/\/brassoi-turista-egyesulet.eu\/index.php?rest_route=%2Fwp%2Fv2%2Ftags&post=2174"}],"curies":[{"name":"wp","href":"https:\/\/api.w.org\/{rel}","templated":true}]}}