{"id":2181,"date":"2022-09-21T21:37:37","date_gmt":"2022-09-21T18:37:37","guid":{"rendered":"http:\/\/brassoi-turista-egyesulet.eu\/?p=2181"},"modified":"2022-09-21T21:37:37","modified_gmt":"2022-09-21T18:37:37","slug":"2022-szeptember-24-25","status":"publish","type":"post","link":"https:\/\/brassoi-turista-egyesulet.eu\/?p=2181","title":{"rendered":"2022 szeptember 24 &#8211; 25"},"content":{"rendered":"<div><b>\u00a0<\/b><\/div>\n<div><b>\u00a0<\/b><\/div>\n<div><b>A szeptemberre j\u00f3solt nagy meleg, nem k\u00f6vetkezet be. Hidegre fordult az id\u0151, ami a mai napig tart. Ez\u00e9rt csak kisebb t\u00far\u00e1kat szervezt\u00fcnk.\u00a0 \u00a0<\/b><\/div>\n<div><b>A Gura Diham, t\u00far\u00e1t tov\u00e1bb halasztottuk, mivel k\u00f6zbej\u00f6tt a BRASS\u00d3I MAGYAR NAPOK.\u00a0<\/b><\/div>\n<div>A h\u00e9t v\u00e9g\u00e9n, az id\u0151j\u00e1r\u00e1st figyelembe v\u00e9tel\u00e9vel hat\u00e1rozzuk el, hogy hova kir\u00e1ndulunk.<\/div>\n<div>Vas\u00e1rnap ha nem esik sz\u00f3ba j\u00f6het a tornyok m\u00fazeum l\u00e1togat\u00e1sa.<\/div>\n<div>R\u00e9szletek az\u00a0<b>ismert telefonsz\u00e1mon.\u00a0<\/b><\/div>\n<div><\/div>\n<div><span style=\"display:block;clear:both;height: 0px;padding-top: 20px;\"><\/span><\/div>\n<div>[singlepic id=10833 w=640 h=480 float=center]<\/div>\n<div><span style=\"display:block;clear:both;height: 0px;padding-top: 20px;\"><\/span><\/div>\n<div>[singlepic id=10834 w=640 h=480 float=center]<\/div>\n<div><span style=\"display:block;clear:both;height: 0px;padding-top: 20px;\"><\/span><\/div>\n<div><\/div>\n<div><\/div>\n<div><b>A m\u00faltkori t\u00far\u00e1kkal kapcsolatban: BRASS\u00d3I MAGYAR NAPOK, a Warth\u00e9 \u00e9s a Graft Feh\u00e9r \u00e9s Fekete tornyai, valamint a Graft- B\u00e1stya.<\/b><\/div>\n<div>A\u00a0<b>MAGYAR NAPOK\u00a0<\/b>folyam\u00e1n a\u00a0<b>Warth\u00e9n, K\u00f6sz\u00f6r\u0171-Graft patak v\u00edzes\u00e9se k\u00f6rny\u00e9k\u00e9n, a Graft\u00a0 Kapu-b\u00e1stya, a Graft-torony\u00a0<\/b>k\u00f6rny\u00e9k\u00e9n s\u00e9t\u00e1ltunk, ahonn\u00e9t ki lehet jutni a\u00a0<b>Tan\u00e1cs-t\u00e9rre.\u00a0<\/b><\/div>\n<div>A\u00a0<b>Feh\u00e9r-torony\u00a0<\/b>mell\u00f6l j\u00f3 r\u00e1l\u00e1t\u00e1s volt a\u00a0<b>Tan\u00e1cs-t\u00e9rre.\u00a0<\/b>J\u00f3l belehetett l\u00e1tni a rendezv\u00e9nyeket.<\/div>\n<div>Ehhez a h\u00e1rom toronyhoz \u00e9s a\u00a0<b>Tan\u00e1cs-t\u00e9rre,\u00a0<\/b>egy kis s\u00e9t\u00e1val k\u00f6nnyen ellehet jutni:<\/div>\n<div>A sz\u00fcl\u00e9szett\u0151l indulva,\u00a0<b>\u00a0Dupa-Zidul\u00a0<\/b>utca fel\u00e9, mindj\u00e1rt felt\u0171nik bal oldal, fenn a hegyen a\u00a0<b>Fekete-torony.\u00a0<\/b>Tov\u00e1bb menve, eg\u00e9sz k\u00f6zel egy sz\u00e9les h\u00edd vezet fel a hegyre. A h\u00eddon \u00e1tmenve, eg\u00e9sz k\u00f6zel egy el\u00e1gaz\u00e1shoz \u00e9r\u00fcnk. Balra a\u00a0<b>Fekete-torony<\/b>, nagyon k\u00f6zel. Jobbra t\u00e9rve egy kis kapaszkod\u00f3 ut\u00e1n ki\u00e9r\u00fcnk a hatalmas\u00a0\u00a0<b>Feh\u00e9r-toronyhoz (ami ink\u00e1bb b\u00e1stya).\u00a0<\/b>A toronnyal szemen egy j\u00f3l j\u00e1rhat\u00f3 l\u00e9pcs\u0151 vezet le a G<b>raft-b\u00e1sty\u00e1hoz.\u00a0<\/b>A meredek l\u00e9pcs\u0151-sor megszak\u00edt\u00e1sokkal \u00e9s korl\u00e1ttal van biztos\u00edtva. \u00c9rdemes bej\u00e1rni. Tov\u00e1bb m\u00e1r k\u00f6nnyen kijuthatunk a\u00a0<b>Tan\u00e1cs-t\u00e9rre<\/b>.<\/div>\n<div>Az\u00a0<b>\u00c1prily Lajos F\u0151gimn\u00e1zium\u00a0<\/b>udvar\u00e1n,\u00a0<b>k\u00fcrt\u00f6skal\u00e1cs, l\u00e1ngos \u00e9s k\u00fcl\u00f6nf\u00e9le finoms\u00e1gok, s\u00f6r \u00e9s hangos zene\u00a0<\/b>v\u00e1rt r\u00e1nk. T\u00f6bbsz\u00f6r l\u00e1togattunk el.<\/div>\n<div>Visszat\u00e9rve a tornyokhoz, amelyekben m\u00fazeum van berendezve, csak vas\u00e1rnap l\u00e1togathat\u00f3 17 \u00f3r\u00e1ig, \u00e9s csak ny\u00e1ri szezonban.\u00a0\u00a0\u00a0\u00a0\u00a0\u00a0\u00a0\u00a0\u00a0<b>\u00a0<\/b>\u00a0<b>\u00a0\u00a0<\/b><\/div>\n<div><b>A MAGYAR NAPOK\u00a0<\/b>utols\u00f3 vas\u00e1rnapj\u00e1n, a\u00a0<b>Tan\u00e1cs-t\u00e9ren Kov\u00e1cs Kati m\u0171sor\u00e1t tapsoltuk meg.\u00a0<\/b><\/div>\n<div><b>Kov\u00e1cs Kati Kossuth &#8211; \u00e9s Liszt Ferenc &#8211; d\u00edjas. Magyar el\u0151ad\u00f3 m\u0171v\u00e9sz, \u00e9nekesn\u0151, dalsz\u00f6veg\u00edr\u00f3, sz\u00edn\u00e9szn\u0151.\u00a0<\/b><\/div>\n<div><b>\u00a0A hideg ellen\u00e9re nagyon sokan tapsolt\u00e1k meg\u00a0 a bar\u00e1ts\u00e1gos, mosolygos, humoros Kov\u00e1cs Katit.\u00a0 \u00a0<\/b><\/div>\n<div><b>Fot\u00f3 gal\u00e9ria, MAGYAR NAPOK:\u00a0 \u00a0<\/b><\/div>\n<div><span style=\"display:block;clear:both;height: 0px;padding-top: 20px;\"><\/span><\/div>\n<div>[nggallery id=860]<\/div>\n<div><span style=\"display:block;clear:both;height: 0px;padding-top: 20px;\"><\/span><\/div>\n<div><b>Fot\u00f3 gal\u00e9ria, Tornyok &#8211; b\u00e1sty\u00e1k:<\/b><\/div>\n<div>\n<div><span style=\"display:block;clear:both;height: 0px;padding-top: 20px;\"><\/span><\/div>\n<div>[nggallery id=861]<\/div>\n<div><span style=\"display:block;clear:both;height: 0px;padding-top: 20px;\"><\/span><\/div>\n<\/div>\n<div><\/div>\n","protected":false},"excerpt":{"rendered":"<p>\u00a0 \u00a0 A szeptemberre j\u00f3solt nagy meleg, nem k\u00f6vetkezet be. Hidegre fordult az id\u0151, ami a mai napig tart. Ez\u00e9rt csak kisebb t\u00far\u00e1kat szervezt\u00fcnk.\u00a0 \u00a0 A Gura Diham, t\u00far\u00e1t tov\u00e1bb halasztottuk, mivel k\u00f6zbej\u00f6tt a BRASS\u00d3I MAGYAR NAPOK.\u00a0 A h\u00e9t v\u00e9g\u00e9n, az id\u0151j\u00e1r\u00e1st figyelembe v\u00e9tel\u00e9vel hat\u00e1rozzuk el, hogy hova kir\u00e1ndulunk. Vas\u00e1rnap ha nem esik sz\u00f3ba j\u00f6het &hellip; <a href=\"https:\/\/brassoi-turista-egyesulet.eu\/?p=2181\" class=\"more-link\">Continue reading <span class=\"screen-reader-text\">2022 szeptember 24 &#8211; 25<\/span> <span class=\"meta-nav\">&rarr;<\/span><\/a><\/p>\n","protected":false},"author":1,"featured_media":0,"comment_status":"closed","ping_status":"closed","sticky":false,"template":"","format":"standard","meta":{"footnotes":""},"categories":[2],"tags":[],"class_list":["post-2181","post","type-post","status-publish","format-standard","hentry","category-turak"],"_links":{"self":[{"href":"https:\/\/brassoi-turista-egyesulet.eu\/index.php?rest_route=\/wp\/v2\/posts\/2181","targetHints":{"allow":["GET"]}}],"collection":[{"href":"https:\/\/brassoi-turista-egyesulet.eu\/index.php?rest_route=\/wp\/v2\/posts"}],"about":[{"href":"https:\/\/brassoi-turista-egyesulet.eu\/index.php?rest_route=\/wp\/v2\/types\/post"}],"author":[{"embeddable":true,"href":"https:\/\/brassoi-turista-egyesulet.eu\/index.php?rest_route=\/wp\/v2\/users\/1"}],"replies":[{"embeddable":true,"href":"https:\/\/brassoi-turista-egyesulet.eu\/index.php?rest_route=%2Fwp%2Fv2%2Fcomments&post=2181"}],"version-history":[{"count":1,"href":"https:\/\/brassoi-turista-egyesulet.eu\/index.php?rest_route=\/wp\/v2\/posts\/2181\/revisions"}],"predecessor-version":[{"id":2182,"href":"https:\/\/brassoi-turista-egyesulet.eu\/index.php?rest_route=\/wp\/v2\/posts\/2181\/revisions\/2182"}],"wp:attachment":[{"href":"https:\/\/brassoi-turista-egyesulet.eu\/index.php?rest_route=%2Fwp%2Fv2%2Fmedia&parent=2181"}],"wp:term":[{"taxonomy":"category","embeddable":true,"href":"https:\/\/brassoi-turista-egyesulet.eu\/index.php?rest_route=%2Fwp%2Fv2%2Fcategories&post=2181"},{"taxonomy":"post_tag","embeddable":true,"href":"https:\/\/brassoi-turista-egyesulet.eu\/index.php?rest_route=%2Fwp%2Fv2%2Ftags&post=2181"}],"curies":[{"name":"wp","href":"https:\/\/api.w.org\/{rel}","templated":true}]}}