{"id":2188,"date":"2022-10-04T20:20:32","date_gmt":"2022-10-04T17:20:32","guid":{"rendered":"http:\/\/brassoi-turista-egyesulet.eu\/?p=2188"},"modified":"2022-10-04T20:21:46","modified_gmt":"2022-10-04T17:21:46","slug":"2022-oktober-8-9","status":"publish","type":"post","link":"https:\/\/brassoi-turista-egyesulet.eu\/?p=2188","title":{"rendered":"2022. okt\u00f3ber 8 -9"},"content":{"rendered":"<div>[singlepic id=10915 w=640 h=480 float=center]<\/div>\n<div><span style=\"display:block;clear:both;height: 0px;padding-top: 20px;\"><\/span><\/div>\n<div><\/div>\n<div><b>Okt\u00f3ber 6- \u00e1n, a tizenh\u00e1rom aradi magyar honv\u00e9dtiszt kiv\u00e9gz\u00e9s\u00e9re, 1848-49 eml\u00e9kez\u00fcnk meg.\u00a0 A magyar n\u00e9p, b\u00e1rhol \u00e9ljen a vil\u00e1gban, ezt a kegyetlen v\u00e9rengz\u00e9st az osztr\u00e1kok \u00e9s az oroszok r\u00e9sz\u00e9r\u0151l sosem bocs\u00e1tja meg. A magyar n\u00e9p sosem \u00e1rtott az osztr\u00e1koknak, oroszoknak, franci\u00e1knak, angoloknak, akik lebomb\u00e1zt\u00e1k Brass\u00f3t.\u00a0 \u00a0 \u00a0\u00a0<\/b><\/div>\n<div><b>2013-ban\u00a0<\/b><b>Sepsiszentgy\u00f6rgy\u00f6n tizenh\u00e1rom kopjaf\u00e1t \u00e1ll\u00edtottak fel a h\u0151s\u00f6k eml\u00e9k\u00e9re.\u00a0 \u00a0<\/b><b>\u00a0\u00a0<\/b><\/div>\n<div><b>A h\u00e9tv\u00e9gi t\u00far\u00e1t p\u00e9nteken hat\u00e1rozzuk el.\u00a0<\/b><\/div>\n<div>Tov\u00e1bbi r\u00e9szletek\u00a0<b>az ismert telefonsz\u00e1mon.<\/b><\/div>\n<div><\/div>\n<div><span style=\"display:block;clear:both;height: 0px;padding-top: 20px;\"><\/span><\/div>\n<div>\n<div>[singlepic id=10916 w=640 h=480 float=center]<\/div>\n<div><span style=\"display:block;clear:both;height: 0px;padding-top: 20px;\"><\/span><\/div>\n<\/div>\n<div><b>\u00a0<\/b><\/div>\n<div><b>A m\u00faltheti t\u00fara. Gura Diham.\u00a0<\/b><\/div>\n<div>\u00c9rdemes volt, hogy tov\u00e1bb halasztottuk a t\u00far\u00e1t az igazi \u0151sz fel\u00e9. Kellemes, \u0151szi id\u0151ben indultunk el B<b>usteni-b\u0151l\u00a0<\/b>a kis turista vonattal a\u00a0<b>Szarvas-v\u00f6lgy\u00e9ben a Gura Dih\u00e1mra. 5 km.\u00a0<\/b><\/div>\n<div><b>\u00a0<\/b>Utolj\u00e1ra t\u00f6bb mint h\u00fasz \u00e9ve voltunk. Az\u00f3ta sokat v\u00e1ltozott a helys\u00e9g. Az utat leaszfaltozt\u00e1k, megtiltott\u00e1k a s\u00e1toroz\u00e1st, a panzi\u00f3k egym\u00e1st \u00e9rik \u00e9s rengeteg a turista.<\/div>\n<div>Ez a gy\u00f6ny\u00f6r\u0171 v\u00f6lgy a B<b>ucsecs-<\/b>hegys\u00e9g\u00a0\u00a0vonulat\u00e1t k\u00f6veti :\u00a0<b>Caraiman &#8211; Costila &#8211; Moraru &#8211; Bucsoiu Mic &#8211; Bucsoiu Mare.\u00a0<\/b>Ezekre a hegyekre gy\u00f6ny\u00f6r\u0171, \u0151szies kil\u00e1t\u00e1sban volt r\u00e9sz\u00fcnk. \u00c9rdekes volt a\u00a0<b>Moraru,\u00a0<\/b>amit szokatlan oldalr\u00f3l, nem szemb\u0151l l\u00e1ttunk.\u00a0 A t\u00f6bbi cs\u00facsok is szokatlan form\u00e1ban voltak l\u00e1that\u00f3k.<\/div>\n<div>T\u00f6bb jelzett t\u00far\u00e1ra van lehet\u0151s\u00e9g. Egy p\u00e1rat eml\u00edt\u00fcnk: a legszebb \u00e9s a leg nehezebb a s\u00e1rga cs\u00edk jelz\u00e9sen, a\u00a0<b>Szarvas-v\u00f6lgyb\u0151l az Omu cs\u00facs. A Dihamra, a k\u00e9k h\u00e1romsz\u00f6g\u00a0<\/b>jelz\u00e9s, a\u00a0<b>Forr\u00e1s-tiszt\u00e1s\u00a0<\/b>1,5 \u00f3ra, a piros s\u00e1v jelz\u00e9sen lehet eljutni. T\u00f6megesen mentek errefel\u00e9.<\/div>\n<div>Fot\u00f3 gal\u00e9ria I, kil\u00e1t\u00e1s\u00a0<b>Busteni-b\u0151l:<\/b>\u00a0\u00a0 \u00a0 \u00a0 \u00a0 \u00a0 \u00a0<b>\u00a0<\/b><\/div>\n<div><b>\u00a0<\/b><\/div>\n<div><span style=\"display:block;clear:both;height: 0px;padding-top: 20px;\"><\/span><\/div>\n<div>[nggallery id=864]<\/div>\n<div><b>\u00a0<\/b><\/div>\n<div><b>Fot\u00f3 gal\u00e9ria II, Gura Diham:<\/b><\/div>\n<div><\/div>\n<div><span style=\"display:block;clear:both;height: 0px;padding-top: 20px;\"><\/span><\/div>\n<div>[nggallery id=865]<\/div>\n","protected":false},"excerpt":{"rendered":"<p>[singlepic id=10915 w=640 h=480 float=center] Okt\u00f3ber 6- \u00e1n, a tizenh\u00e1rom aradi magyar honv\u00e9dtiszt kiv\u00e9gz\u00e9s\u00e9re, 1848-49 eml\u00e9kez\u00fcnk meg.\u00a0 A magyar n\u00e9p, b\u00e1rhol \u00e9ljen a vil\u00e1gban, ezt a kegyetlen v\u00e9rengz\u00e9st az osztr\u00e1kok \u00e9s az oroszok r\u00e9sz\u00e9r\u0151l sosem bocs\u00e1tja meg. A magyar n\u00e9p sosem \u00e1rtott az osztr\u00e1koknak, oroszoknak, franci\u00e1knak, angoloknak, akik lebomb\u00e1zt\u00e1k Brass\u00f3t.\u00a0 \u00a0 \u00a0\u00a0 2013-ban\u00a0Sepsiszentgy\u00f6rgy\u00f6n tizenh\u00e1rom kopjaf\u00e1t &hellip; <a href=\"https:\/\/brassoi-turista-egyesulet.eu\/?p=2188\" class=\"more-link\">Continue reading <span class=\"screen-reader-text\">2022. okt\u00f3ber 8 -9<\/span> <span class=\"meta-nav\">&rarr;<\/span><\/a><\/p>\n","protected":false},"author":1,"featured_media":0,"comment_status":"closed","ping_status":"closed","sticky":false,"template":"","format":"standard","meta":{"footnotes":""},"categories":[2],"tags":[],"class_list":["post-2188","post","type-post","status-publish","format-standard","hentry","category-turak"],"_links":{"self":[{"href":"https:\/\/brassoi-turista-egyesulet.eu\/index.php?rest_route=\/wp\/v2\/posts\/2188","targetHints":{"allow":["GET"]}}],"collection":[{"href":"https:\/\/brassoi-turista-egyesulet.eu\/index.php?rest_route=\/wp\/v2\/posts"}],"about":[{"href":"https:\/\/brassoi-turista-egyesulet.eu\/index.php?rest_route=\/wp\/v2\/types\/post"}],"author":[{"embeddable":true,"href":"https:\/\/brassoi-turista-egyesulet.eu\/index.php?rest_route=\/wp\/v2\/users\/1"}],"replies":[{"embeddable":true,"href":"https:\/\/brassoi-turista-egyesulet.eu\/index.php?rest_route=%2Fwp%2Fv2%2Fcomments&post=2188"}],"version-history":[{"count":4,"href":"https:\/\/brassoi-turista-egyesulet.eu\/index.php?rest_route=\/wp\/v2\/posts\/2188\/revisions"}],"predecessor-version":[{"id":2192,"href":"https:\/\/brassoi-turista-egyesulet.eu\/index.php?rest_route=\/wp\/v2\/posts\/2188\/revisions\/2192"}],"wp:attachment":[{"href":"https:\/\/brassoi-turista-egyesulet.eu\/index.php?rest_route=%2Fwp%2Fv2%2Fmedia&parent=2188"}],"wp:term":[{"taxonomy":"category","embeddable":true,"href":"https:\/\/brassoi-turista-egyesulet.eu\/index.php?rest_route=%2Fwp%2Fv2%2Fcategories&post=2188"},{"taxonomy":"post_tag","embeddable":true,"href":"https:\/\/brassoi-turista-egyesulet.eu\/index.php?rest_route=%2Fwp%2Fv2%2Ftags&post=2188"}],"curies":[{"name":"wp","href":"https:\/\/api.w.org\/{rel}","templated":true}]}}