{"id":2194,"date":"2022-10-12T21:46:36","date_gmt":"2022-10-12T18:46:36","guid":{"rendered":"http:\/\/brassoi-turista-egyesulet.eu\/?p=2194"},"modified":"2022-10-12T21:49:18","modified_gmt":"2022-10-12T18:49:18","slug":"2022-oktober-15-16","status":"publish","type":"post","link":"https:\/\/brassoi-turista-egyesulet.eu\/?p=2194","title":{"rendered":"2022 okt\u00f3ber 15-16"},"content":{"rendered":"<div>\u00a0[singlepic id=10924 w=640 h=480]<\/div>\n<div><span style=\"display:block;clear:both;height: 0px;padding-top: 20px;\"><\/span><\/div>\n<div><\/div>\n<div><b>A h\u00e9tv\u00e9gi t\u00far\u00e1t az id\u0151j\u00e1r\u00e1s f\u00fcggv\u00e9ny\u00e9ben hat\u00e1rozzuk el.<\/b><\/div>\n<div>Tov\u00e1bbi r\u00e9szletek\u00a0<b>az ismert telefonsz\u00e1mon.<\/b><\/div>\n<div>Turist\u00e1ink nem f\u00e9lnek att\u00f3l, ha estleg egy kiss\u00e9 es\u0151s az id\u0151. Viszont a medv\u00e9kt\u0151l igen. A\u00a0<b>Brass\u00f3\u00a0<\/b>k\u00f6rny\u00e9ki hegyekben, turista utakon kosz\u00e1lnak a medv\u00e9k. De az orsz\u00e1g t\u00f6bbi r\u00e9sz\u00e9ben is ez a helyzet. Tudom\u00e1sunk szerint 10-szer t\u00f6bb medve van az orsz\u00e1gban a megengedettn\u00e9l. Mindenfel\u00e9 medve vesz\u00e9ly figyelmeztet\u00e9s van.<\/div>\n<div>A volt kommunista rendszerben nem kellett f\u00e9ljen a l\u00e1koss\u00e1g a medv\u00e9kt\u0151l. Ma m\u00e1s a helyzet. Nem kell magyar\u00e1zat. Egy volt turista t\u00e1rsunkat, Virgilt\u00a0 medve \u00f6lte meg, ami Bukarest sz\u00e1ml\u00e1j\u00e1ra \u00edrhat\u00f3. \u00c1lland\u00f3 medve t\u00e1mad\u00e1sr\u00f3l lehet hallani. Megszokt\u00e1k a riaszt\u00e1sokat a medv\u00e9k, ett\u0151l m\u00e1r nem f\u00e9lnek. A kir\u00e1ndul\u00e1sunk keret\u00e9n\u00a0 k\u00e9t alkalommal tal\u00e1lkoztunk medv\u00e9vel:<\/div>\n<div>Egy p\u00e1r \u00e9vvel ezel\u0151tt,\u00a0<b>V\u00e1d N\u00c1RCIS-MEZ\u0150N. E<\/b>rd\u0151s vid\u00e9k. J\u00f3nak l\u00e1ttuk, hogy szir\u00e9n\u00e1zzunk erre egy medve szaladt el k\u00f6zel hozz\u00e1nk. M\u00e9g megijedni sem volt id\u0151nk.<\/div>\n<div>A tavaly,\u00a0<b>Szin\u00e1ja k\u00f6rny\u00e9k\u00e9n nem t\u00fal messze az \u00faton h\u00e1rom medv\u00e9t vet\u00fcnk \u00e9szre, vissza fordultunk \u00e9s\u00a0 fut\u00e1s.\u00a0<\/b><\/div>\n<div><b>Egyed\u00fcl ne mer\u00e9szkedj\u00fcnk elindulni, legal\u00e1bb h\u00e1rom szem\u00e9ly az ide\u00e1lis. Legyen n\u00e1lunk szir\u00e9na riaszt\u00f3 \u00e9s sz\u00far\u00f3sszag\u00fa\u00a0 spray anti urs.\u00a0\u00a0<\/b><\/div>\n<div><\/div>\n<div>\u00a0<span style=\"display:block;clear:both;height: 0px;padding-top: 20px;\"><\/span><\/p>\n<div>[singlepic id=10923 w=640 h=480]<\/div>\n<div><span style=\"display:block;clear:both;height: 0px;padding-top: 20px;\"><\/span><\/div>\n<\/div>\n<div><\/div>\n<div><b>A m\u00falth\u00e9ten, a j\u00f3 id\u0151 ellen\u00e9re sem ment\u00fcnk kir\u00e1ndulni. A Paprika bolt a Bukarest-\u00fati Reform\u00e1tus Egyh\u00e1z udvar\u00e1n\u00a0 guly\u00e1s napot szervezett. Szeretettel volt megh\u00edvva minden \u00e9rdekl\u0151d\u0151. Ott voltunk.\u00a0<\/b>D\u00e9lel\u0151tt sokan voltak, ez\u00e9rt d\u00e9lut\u00e1n vet\u00fcnk r\u00e9szt.\u00a0<b>\u00a0\u00a0<\/b><\/div>\n<div>A j\u00f3 \u00edz\u0171 guly\u00e1s a\u00a0<b>Paprika bolt aj\u00e1nd\u00e9ka volt amely mell\u00e9 paprik\u00e1s-zs\u00edros h\u00e1zi keny\u00e9r sem hi\u00e1nyzott, Persze Csiki-s\u00f6rrel n\u00f6velt\u00fck a hangulatot.\u00a0 \u00a0\u00a0<\/b>\u00a0<b>\u00a0 \u00a0<\/b><\/div>\n<div><b>K\u00d6SZ\u00d6NJ\u00dcK !<\/b><\/div>\n<div><b>Fot\u00f3 gal\u00e9ria:\u00a0<\/b><\/div>\n<div><\/div>\n<div><span style=\"display:block;clear:both;height: 0px;padding-top: 20px;\"><\/span><\/div>\n<div>[nggallery id=867]<\/div>\n<div>\u00a0<b>\u00a0<\/b><\/div>\n","protected":false},"excerpt":{"rendered":"<p>\u00a0[singlepic id=10924 w=640 h=480] A h\u00e9tv\u00e9gi t\u00far\u00e1t az id\u0151j\u00e1r\u00e1s f\u00fcggv\u00e9ny\u00e9ben hat\u00e1rozzuk el. Tov\u00e1bbi r\u00e9szletek\u00a0az ismert telefonsz\u00e1mon. Turist\u00e1ink nem f\u00e9lnek att\u00f3l, ha estleg egy kiss\u00e9 es\u0151s az id\u0151. Viszont a medv\u00e9kt\u0151l igen. A\u00a0Brass\u00f3\u00a0k\u00f6rny\u00e9ki hegyekben, turista utakon kosz\u00e1lnak a medv\u00e9k. De az orsz\u00e1g t\u00f6bbi r\u00e9sz\u00e9ben is ez a helyzet. Tudom\u00e1sunk szerint 10-szer t\u00f6bb medve van az orsz\u00e1gban &hellip; <a href=\"https:\/\/brassoi-turista-egyesulet.eu\/?p=2194\" class=\"more-link\">Continue reading <span class=\"screen-reader-text\">2022 okt\u00f3ber 15-16<\/span> <span class=\"meta-nav\">&rarr;<\/span><\/a><\/p>\n","protected":false},"author":1,"featured_media":0,"comment_status":"closed","ping_status":"closed","sticky":false,"template":"","format":"standard","meta":{"footnotes":""},"categories":[2],"tags":[],"class_list":["post-2194","post","type-post","status-publish","format-standard","hentry","category-turak"],"_links":{"self":[{"href":"https:\/\/brassoi-turista-egyesulet.eu\/index.php?rest_route=\/wp\/v2\/posts\/2194","targetHints":{"allow":["GET"]}}],"collection":[{"href":"https:\/\/brassoi-turista-egyesulet.eu\/index.php?rest_route=\/wp\/v2\/posts"}],"about":[{"href":"https:\/\/brassoi-turista-egyesulet.eu\/index.php?rest_route=\/wp\/v2\/types\/post"}],"author":[{"embeddable":true,"href":"https:\/\/brassoi-turista-egyesulet.eu\/index.php?rest_route=\/wp\/v2\/users\/1"}],"replies":[{"embeddable":true,"href":"https:\/\/brassoi-turista-egyesulet.eu\/index.php?rest_route=%2Fwp%2Fv2%2Fcomments&post=2194"}],"version-history":[{"count":3,"href":"https:\/\/brassoi-turista-egyesulet.eu\/index.php?rest_route=\/wp\/v2\/posts\/2194\/revisions"}],"predecessor-version":[{"id":2197,"href":"https:\/\/brassoi-turista-egyesulet.eu\/index.php?rest_route=\/wp\/v2\/posts\/2194\/revisions\/2197"}],"wp:attachment":[{"href":"https:\/\/brassoi-turista-egyesulet.eu\/index.php?rest_route=%2Fwp%2Fv2%2Fmedia&parent=2194"}],"wp:term":[{"taxonomy":"category","embeddable":true,"href":"https:\/\/brassoi-turista-egyesulet.eu\/index.php?rest_route=%2Fwp%2Fv2%2Fcategories&post=2194"},{"taxonomy":"post_tag","embeddable":true,"href":"https:\/\/brassoi-turista-egyesulet.eu\/index.php?rest_route=%2Fwp%2Fv2%2Ftags&post=2194"}],"curies":[{"name":"wp","href":"https:\/\/api.w.org\/{rel}","templated":true}]}}