{"id":2199,"date":"2022-10-26T21:52:04","date_gmt":"2022-10-26T18:52:04","guid":{"rendered":"http:\/\/brassoi-turista-egyesulet.eu\/?p=2199"},"modified":"2022-10-26T21:56:11","modified_gmt":"2022-10-26T18:56:11","slug":"2022-november-5","status":"publish","type":"post","link":"https:\/\/brassoi-turista-egyesulet.eu\/?p=2199","title":{"rendered":"2022 november 5"},"content":{"rendered":"<div><b>A k\u00f6vetkez\u0151 t\u00far\u00e1t okt\u00f3ber 29, vagy november 5-\u00e9n szervezz\u00fck.\u00a0<\/b><\/div>\n<div>Tov\u00e1bbi r\u00e9szletek\u00a0<b>az ismert telefonsz\u00e1mon.\u00a0<\/b><\/div>\n<div><b>\u00a0<\/b><\/div>\n<div><b>\u00a0<\/b><span style=\"display:block;clear:both;height: 0px;padding-top: 20px;\"><\/span><\/div>\n<div>[singlepic id=10950]<\/div>\n<div>\u00a0<span style=\"display:block;clear:both;height: 0px;padding-top: 20px;\"><\/span><\/div>\n<div>\n<div>[singlepic id=10951]<\/div>\n<div>\u00a0<span style=\"display:block;clear:both;height: 0px;padding-top: 20px;\"><\/span><\/div>\n<\/div>\n<div><b>\u00a0<\/b><\/div>\n<div><b>A m\u00faltheti t\u00far\u00e1val kapcsolatban: \u0150szi t\u00fara a Salamonk\u0151-szikl\u00e1i k\u00f6z\u00f6tt.\u00a0<\/b><\/div>\n<div>Az okt\u00f3ber 15-\u00e9re, vagy 16-\u00e1ra tervezett t\u00far\u00e1t a j\u00f6v\u0151h\u00e9t v\u00e9g\u00e9re halasztottuk el, mivel magyarorsz\u00e1gi, r\u00e9szben erd\u00e9lyib\u0151l sz\u00e1rmaz\u00e1s\u00fa,\u00a0 j\u00f3 bar\u00e1ti vend\u00e9geket v\u00e1rtuk.<\/div>\n<div><b>A Salamonk\u0151:\u00a0<\/b><\/div>\n<div>Kellemes id\u0151ben indultunk el, v\u00e1ltoz\u00f3 \u00e9gbolt alatt, nagyon kev\u00e9s turist\u00e1k t\u00e1rsas\u00e1g\u00e1ban. D\u00e9l fel\u00e9 val\u00f3s\u00e1gos\u00a0<span class=\"il\">turista<\/span>\u00a0hadj\u00e1rat indult el. Biciklist\u00e1k, kisgyerekes turist\u00e1k.<\/div>\n<div>Meglep\u0151en gy\u00f6ny\u00f6r\u0171, \u0151szi \u00f6lt\u00f6zetben \u00f6lt\u00f6z\u00f6tt a Salamonk\u0151. Sokszor j\u00e1rtunk itt \u0151sszel, de most volt a legszebb a kil\u00e1t\u00e1s.<\/div>\n<div>Val\u00f3sz\u00edn\u0171, hogy az \u00e9vi sz\u00e1rass\u00e1g miatt, a\u00a0<b>K\u00f6sz\u00f6r\u0171-patak\u00a0<\/b>alig cs\u00f6rgedezett. A v\u00edzes\u00e9s is csak gyeng\u00e9n folydog\u00e1lt. Hogy, hogyan kellene kin\u00e9zzen ez a v\u00edzes\u00e9s, a\u00a0<b>fot\u00f3 gal\u00e9ri\u00e1ban\u00a0<\/b>l\u00e1thassuk egy p\u00e1r \u00e9vvel ezel\u0151tt k\u00e9sz\u00fclt f\u00e9nyk\u00e9pen.<\/div>\n<div><b>Fot\u00f3 gal\u00e9ria: K\u00f6sz\u00f6r\u0171-patak v\u00edzes\u00e9se egy p\u00e1r \u00e9vvel ezel\u0151tt:<\/b><\/div>\n<div><\/div>\n<div><span style=\"display:block;clear:both;height: 0px;padding-top: 20px;\"><\/span><\/div>\n<div>[nggallery id=870]<\/div>\n<div><span style=\"display:block;clear:both;height: 0px;padding-top: 20px;\"><\/span><\/div>\n<div><\/div>\n<div><b>Fot\u00f3 gal\u00e9ria: Az \u0151szi Salamonk\u0151:\u00a0<\/b><\/div>\n<div>\n<div><span style=\"display:block;clear:both;height: 0px;padding-top: 20px;\"><\/span><\/div>\n<div>[nggallery id=869]<\/div>\n<div><span style=\"display:block;clear:both;height: 0px;padding-top: 20px;\"><\/span><\/div>\n<p><b>\u00a0<\/b><\/p>\n<\/div>\n<div><\/div>\n<div><\/div>\n","protected":false},"excerpt":{"rendered":"<p>A k\u00f6vetkez\u0151 t\u00far\u00e1t okt\u00f3ber 29, vagy november 5-\u00e9n szervezz\u00fck.\u00a0 Tov\u00e1bbi r\u00e9szletek\u00a0az ismert telefonsz\u00e1mon.\u00a0 \u00a0 \u00a0 [singlepic id=10950] \u00a0 [singlepic id=10951] \u00a0 \u00a0 A m\u00faltheti t\u00far\u00e1val kapcsolatban: \u0150szi t\u00fara a Salamonk\u0151-szikl\u00e1i k\u00f6z\u00f6tt.\u00a0 Az okt\u00f3ber 15-\u00e9re, vagy 16-\u00e1ra tervezett t\u00far\u00e1t a j\u00f6v\u0151h\u00e9t v\u00e9g\u00e9re halasztottuk el, mivel magyarorsz\u00e1gi, r\u00e9szben erd\u00e9lyib\u0151l sz\u00e1rmaz\u00e1s\u00fa,\u00a0 j\u00f3 bar\u00e1ti vend\u00e9geket v\u00e1rtuk. A Salamonk\u0151:\u00a0 Kellemes &hellip; <a href=\"https:\/\/brassoi-turista-egyesulet.eu\/?p=2199\" class=\"more-link\">Continue reading <span class=\"screen-reader-text\">2022 november 5<\/span> <span class=\"meta-nav\">&rarr;<\/span><\/a><\/p>\n","protected":false},"author":1,"featured_media":0,"comment_status":"closed","ping_status":"closed","sticky":false,"template":"","format":"standard","meta":{"footnotes":""},"categories":[2],"tags":[],"class_list":["post-2199","post","type-post","status-publish","format-standard","hentry","category-turak"],"_links":{"self":[{"href":"https:\/\/brassoi-turista-egyesulet.eu\/index.php?rest_route=\/wp\/v2\/posts\/2199","targetHints":{"allow":["GET"]}}],"collection":[{"href":"https:\/\/brassoi-turista-egyesulet.eu\/index.php?rest_route=\/wp\/v2\/posts"}],"about":[{"href":"https:\/\/brassoi-turista-egyesulet.eu\/index.php?rest_route=\/wp\/v2\/types\/post"}],"author":[{"embeddable":true,"href":"https:\/\/brassoi-turista-egyesulet.eu\/index.php?rest_route=\/wp\/v2\/users\/1"}],"replies":[{"embeddable":true,"href":"https:\/\/brassoi-turista-egyesulet.eu\/index.php?rest_route=%2Fwp%2Fv2%2Fcomments&post=2199"}],"version-history":[{"count":4,"href":"https:\/\/brassoi-turista-egyesulet.eu\/index.php?rest_route=\/wp\/v2\/posts\/2199\/revisions"}],"predecessor-version":[{"id":2203,"href":"https:\/\/brassoi-turista-egyesulet.eu\/index.php?rest_route=\/wp\/v2\/posts\/2199\/revisions\/2203"}],"wp:attachment":[{"href":"https:\/\/brassoi-turista-egyesulet.eu\/index.php?rest_route=%2Fwp%2Fv2%2Fmedia&parent=2199"}],"wp:term":[{"taxonomy":"category","embeddable":true,"href":"https:\/\/brassoi-turista-egyesulet.eu\/index.php?rest_route=%2Fwp%2Fv2%2Fcategories&post=2199"},{"taxonomy":"post_tag","embeddable":true,"href":"https:\/\/brassoi-turista-egyesulet.eu\/index.php?rest_route=%2Fwp%2Fv2%2Ftags&post=2199"}],"curies":[{"name":"wp","href":"https:\/\/api.w.org\/{rel}","templated":true}]}}