{"id":2239,"date":"2023-01-10T21:28:58","date_gmt":"2023-01-10T18:28:58","guid":{"rendered":"http:\/\/brassoi-turista-egyesulet.eu\/?p=2239"},"modified":"2023-01-10T21:31:57","modified_gmt":"2023-01-10T18:31:57","slug":"2239","status":"publish","type":"post","link":"https:\/\/brassoi-turista-egyesulet.eu\/?p=2239","title":{"rendered":""},"content":{"rendered":"<div>[singlepic id=11014 w=640 h=480 float=center]<\/div>\n<div><span style=\"display:block;clear:both;height: 0px;padding-top: 20px;\"><\/span><\/div>\n<div>\n<div>[singlepic id=11013 w=640 h=480 float=center]<\/div>\n<div><span style=\"display:block;clear:both;height: 0px;padding-top: 20px;\"><\/span><\/div>\n<\/div>\n<div><\/div>\n<div><b>El\u00f6lj\u00e1r\u00f3ban a M\u00e1d\u00e9falvi veszedelem 259 &#8211; \u00e9ve, janu\u00e1r 7-\u00e9n.\u00a0 \u00a0\u00c9vfordul\u00f3j\u00e1r\u00f3l eml\u00e9kez\u0171nk meg.\u00a0\u00a0<\/b><\/div>\n<div><b>\u00a0<\/b><\/div>\n<div><b>\u00a0<\/b><\/div>\n<div><b>A k\u00f6vetkez\u0151 t\u00fara a Salamonk\u0151re vezet.<\/b><\/div>\n<div>Tov\u00e1bbi r\u00e9szletek \u00e9s bejelentkez\u00e9s\u00a0<b>az ismert telefonsz\u00e1mon.\u00a0<\/b>\u00a0\u00a0<b>\u00a0\u00a0<\/b><\/div>\n<div><\/div>\n<div><span style=\"display:block;clear:both;height: 0px;padding-top: 20px;\"><\/span><\/div>\n<div>[singlepic id=11012 w=640 h=480 float=center]<\/div>\n<div>\n<span style=\"display:block;clear:both;height: 0px;padding-top: 20px;\"><\/span>\n<div><\/div>\n<div><b>A m\u00faltheti t\u00far\u00e1val kapcsolatban: A Noa t\u00f3 partj\u00e1n.\u00a0<\/b><\/div>\n<div>A t\u00far\u00e1t val\u00f3j\u00e1ban, 4-\u00e9re szerd\u00e1ra szervezt\u00fck. Viszont az eg\u00e9sznapos es\u0151z\u00e9s miatt elhalasztottuk p\u00e9ntekre. Az es\u0151z\u00e9s tov\u00e1bb tartott.\u00a0 A t\u00e1rsas\u00e1ggal 11 \u00f3rakor tal\u00e1lkoztunk a t\u00f3 partj\u00e1n. Nagy \u00f6r\u00f6m\u00fcnkre az es\u0151 azonnal el\u00e1llt. K\u00f6rbe s\u00e9t\u00e1ltuk a tavat, majd a\u00a0<b>Hal\u00e1sz-cs\u00e1rda\u00a0<\/b>terasz\u00e1n telepedt\u00fcnk le, kellemes id\u0151ben, a\u00a0<b>Nap\u00a0<\/b>is kis\u00fct\u00f6tt.<\/div>\n<div>Az asztalra ker\u00fclt a h\u00e1rom \u00fcveg pezsg\u0151.<\/div>\n<div>\u00a0<span style=\"display:block;clear:both;height: 0px;padding-top: 10px;\"><\/span><\/div>\n<div style=\"text-align: center;\"><span style=\"color: #800000;\"><b>Pezsg\u0151 koccint\u00e1ssal B\u00daCSUZTUNK AZ \u00d3 ESZTEND\u0150T\u0150L\u00a0<\/b><\/span><\/div>\n<div style=\"text-align: center;\"><span style=\"color: #800000;\"><b>\u00c9S<\/b><\/span><\/div>\n<div style=\"text-align: center;\"><span style=\"color: #800000;\"><b>K\u00d6SZ\u00d6NT\u00d6T\u00dcK AZ \u00daJ \u00c9VET !<\/b><\/span><\/div>\n<div><b>\u00a0<\/b><\/div>\n<div><b>Fot\u00f3 gal\u00e9ria:<\/b><\/div>\n<div><span style=\"display:block;clear:both;height: 0px;padding-top: 20px;\"><\/span><\/div>\n<div>[nggallery id=881]<\/div>\n<\/div>\n","protected":false},"excerpt":{"rendered":"<p>[singlepic id=11014 w=640 h=480 float=center] [singlepic id=11013 w=640 h=480 float=center] El\u00f6lj\u00e1r\u00f3ban a M\u00e1d\u00e9falvi veszedelem 259 &#8211; \u00e9ve, janu\u00e1r 7-\u00e9n.\u00a0 \u00a0\u00c9vfordul\u00f3j\u00e1r\u00f3l eml\u00e9kez\u0171nk meg.\u00a0\u00a0 \u00a0 \u00a0 A k\u00f6vetkez\u0151 t\u00fara a Salamonk\u0151re vezet. Tov\u00e1bbi r\u00e9szletek \u00e9s bejelentkez\u00e9s\u00a0az ismert telefonsz\u00e1mon.\u00a0\u00a0\u00a0\u00a0\u00a0 [singlepic id=11012 w=640 h=480 float=center] A m\u00faltheti t\u00far\u00e1val kapcsolatban: A Noa t\u00f3 partj\u00e1n.\u00a0 A t\u00far\u00e1t val\u00f3j\u00e1ban, 4-\u00e9re szerd\u00e1ra szervezt\u00fck. &hellip; <a href=\"https:\/\/brassoi-turista-egyesulet.eu\/?p=2239\" class=\"more-link\">Continue reading <span class=\"screen-reader-text\"><\/span> <span class=\"meta-nav\">&rarr;<\/span><\/a><\/p>\n","protected":false},"author":1,"featured_media":0,"comment_status":"closed","ping_status":"closed","sticky":false,"template":"","format":"standard","meta":{"footnotes":""},"categories":[2],"tags":[],"class_list":["post-2239","post","type-post","status-publish","format-standard","hentry","category-turak"],"_links":{"self":[{"href":"https:\/\/brassoi-turista-egyesulet.eu\/index.php?rest_route=\/wp\/v2\/posts\/2239","targetHints":{"allow":["GET"]}}],"collection":[{"href":"https:\/\/brassoi-turista-egyesulet.eu\/index.php?rest_route=\/wp\/v2\/posts"}],"about":[{"href":"https:\/\/brassoi-turista-egyesulet.eu\/index.php?rest_route=\/wp\/v2\/types\/post"}],"author":[{"embeddable":true,"href":"https:\/\/brassoi-turista-egyesulet.eu\/index.php?rest_route=\/wp\/v2\/users\/1"}],"replies":[{"embeddable":true,"href":"https:\/\/brassoi-turista-egyesulet.eu\/index.php?rest_route=%2Fwp%2Fv2%2Fcomments&post=2239"}],"version-history":[{"count":7,"href":"https:\/\/brassoi-turista-egyesulet.eu\/index.php?rest_route=\/wp\/v2\/posts\/2239\/revisions"}],"predecessor-version":[{"id":2246,"href":"https:\/\/brassoi-turista-egyesulet.eu\/index.php?rest_route=\/wp\/v2\/posts\/2239\/revisions\/2246"}],"wp:attachment":[{"href":"https:\/\/brassoi-turista-egyesulet.eu\/index.php?rest_route=%2Fwp%2Fv2%2Fmedia&parent=2239"}],"wp:term":[{"taxonomy":"category","embeddable":true,"href":"https:\/\/brassoi-turista-egyesulet.eu\/index.php?rest_route=%2Fwp%2Fv2%2Fcategories&post=2239"},{"taxonomy":"post_tag","embeddable":true,"href":"https:\/\/brassoi-turista-egyesulet.eu\/index.php?rest_route=%2Fwp%2Fv2%2Ftags&post=2239"}],"curies":[{"name":"wp","href":"https:\/\/api.w.org\/{rel}","templated":true}]}}