{"id":2274,"date":"2023-03-01T21:55:47","date_gmt":"2023-03-01T18:55:47","guid":{"rendered":"http:\/\/brassoi-turista-egyesulet.eu\/?p=2274"},"modified":"2023-03-01T21:55:47","modified_gmt":"2023-03-01T18:55:47","slug":"2023-marcius-11-15","status":"publish","type":"post","link":"https:\/\/brassoi-turista-egyesulet.eu\/?p=2274","title":{"rendered":"2023 m\u00e1rcius 11 &#8211; 15"},"content":{"rendered":"<div>[singlepic id=11092 w=640 h=480 float=center]<\/div>\n<div><span style=\"display:block;clear:both;height: 0px;padding-top: 20px;\"><\/span><\/div>\n<div>A hegyekben\u00a0 mindenfel\u00e9 kiny\u00edlt a\u00a0<b>H\u00f3vir\u00e1g.\u00a0<\/b><\/div>\n<div>Az id\u0151j\u00e1r\u00e1s f\u00fcggv\u00e9ny\u00e9ben a k\u00f6vetkez\u0151 t\u00far\u00e1t m\u00e1rcius 11 &#8211; 15-\u00e9n szervezz\u00fck.<\/div>\n<div>Tov\u00e1bbi r\u00e9szletek az\u00a0<b>ismert telefonsz\u00e1mon.\u00a0<\/b><\/div>\n<div><span style=\"display:block;clear:both;height: 0px;padding-top: 20px;\"><\/span><\/div>\n<div>\n<div>[singlepic id=11093 w=640 h=480 float=center]<\/div>\n<div><span style=\"display:block;clear:both;height: 0px;padding-top: 20px;\"><\/span><\/div>\n<div>\n<div>[singlepic id=11094 w=640 h=480 float=center]<\/div>\n<div><span style=\"display:block;clear:both;height: 0px;padding-top: 20px;\"><\/span><\/div>\n<\/div>\n<\/div>\n<div><\/div>\n<div><b>A m\u00faltheti t\u00far\u00e1val kapcsolatban: Malomdombok &#8211; Sipoly-v\u00f6lgy.<\/b><\/div>\n<div>A meteorol\u00f3gusok, p\u00e9ntekre, szombatra \u00e9s vas\u00e1rnapra es\u0151s, viharos id\u0151t j\u00f3soltak.<\/div>\n<div>Szombaton, 25-\u00e9n,\u00a0<b>G\u00e9za\u00a0<\/b>napj\u00e1n\u00a0Bor\u00fas id\u0151ben indultunk el. A\u00a0<b>T\u00f6m\u00f6s-v\u00f6lgy\u00e9ben\u00a0<\/b>viharos sz\u00e9l fujt.\u00a0<b>Malomdombokn\u00e1l\u00a0<\/b>m\u00e1r kellemesebb volt az id\u0151j\u00e1r\u00e1s. K\u00e9t meglepet\u00e9sbe volt r\u00e9sz\u00fcnk. A sz\u00e1llod\u00e1s vend\u00e9gl\u0151 z\u00e1rva, ki volt \u00edrva, hogy elad\u00f3. A rossz id\u0151 eset\u00e9n ide akartunk bemenni, k\u00e1v\u00e9zni. A m\u00e1sodik meglepet\u00e9s a\u00a0<b>Sipoly-v\u00f6lgy\u00a0<\/b>bej\u00e1rat\u00e1n\u00e1l volt. Baloldal a kis tiszt\u00e1son egy t\u00f6bb-sz\u00e1z \u00e9ves\u00a0 magas\u00a0 feny\u0151fa \u00e1ll. Ak\u00e1rh\u00e1nyszor ment\u00fcnk a v\u00f6lgyben ezt a f\u00e1t mindig megcsod\u00e1ltuk. A sz\u00e9lvihar kett\u00e9 t\u00f6rte. Ami a napokban t\u00f6rt\u00e9nt. Tov\u00e1bb ment\u00fcnk. Egy kiss\u00e9 hol kitisztult, hol fekte es\u0151 felh\u0151k j\u00f6ttek a\u00a0<b>Nagyk\u0151havas\u00a0<\/b>fel\u0151l. A v\u00e1ltoz\u00f3 id\u0151j\u00e1r\u00e1s ellen\u00e9re kellemes volt az id\u0151j\u00e1r\u00e1s,\u00a0 egy kis meleg\u00a0 sz\u00e9l fujt. A kiad\u00f3s es\u0151 csak k\u00e9s\u0151 este j\u00f6tt meg.<\/div>\n<div>A\u00a0<b>Nagyk\u0151havasra\u00a0<\/b>sz\u00e9p kil\u00e1t\u00e1s volt. A cs\u00facs fel\u00e9 men\u0151 hegym\u00e1sz\u00f3kat lehetett\u00a0 l\u00e1tni.<\/div>\n<div><b>K\u00f6vetkeztet\u00e9s: nem mindig v\u00e1lik be az id\u0151j\u00e1r\u00e1si j\u00f3sl\u00e1s.\u00a0<\/b><\/div>\n<div>Es\u0151re mindig lehet sz\u00e1m\u00edtani, ez\u00e9rt mindig legyen a h\u00e1tizs\u00e1kban es\u0151k\u00f6peny.<\/div>\n<div><b>Fot\u00f3 gal\u00e9ria:\u00a0<\/b>\u00a0<b>\u00a0<\/b><\/div>\n<div><span style=\"display:block;clear:both;height: 0px;padding-top: 20px;\"><\/span><\/div>\n<div>[nggallery id=892]<\/div>\n","protected":false},"excerpt":{"rendered":"<p>[singlepic id=11092 w=640 h=480 float=center] A hegyekben\u00a0 mindenfel\u00e9 kiny\u00edlt a\u00a0H\u00f3vir\u00e1g.\u00a0 Az id\u0151j\u00e1r\u00e1s f\u00fcggv\u00e9ny\u00e9ben a k\u00f6vetkez\u0151 t\u00far\u00e1t m\u00e1rcius 11 &#8211; 15-\u00e9n szervezz\u00fck. Tov\u00e1bbi r\u00e9szletek az\u00a0ismert telefonsz\u00e1mon.\u00a0 [singlepic id=11093 w=640 h=480 float=center] [singlepic id=11094 w=640 h=480 float=center] A m\u00faltheti t\u00far\u00e1val kapcsolatban: Malomdombok &#8211; Sipoly-v\u00f6lgy. A meteorol\u00f3gusok, p\u00e9ntekre, szombatra \u00e9s vas\u00e1rnapra es\u0151s, viharos id\u0151t j\u00f3soltak. Szombaton, 25-\u00e9n,\u00a0G\u00e9za\u00a0napj\u00e1n\u00a0Bor\u00fas id\u0151ben &hellip; <a href=\"https:\/\/brassoi-turista-egyesulet.eu\/?p=2274\" class=\"more-link\">Continue reading <span class=\"screen-reader-text\">2023 m\u00e1rcius 11 &#8211; 15<\/span> <span class=\"meta-nav\">&rarr;<\/span><\/a><\/p>\n","protected":false},"author":1,"featured_media":0,"comment_status":"closed","ping_status":"closed","sticky":false,"template":"","format":"standard","meta":{"footnotes":""},"categories":[2],"tags":[],"class_list":["post-2274","post","type-post","status-publish","format-standard","hentry","category-turak"],"_links":{"self":[{"href":"https:\/\/brassoi-turista-egyesulet.eu\/index.php?rest_route=\/wp\/v2\/posts\/2274","targetHints":{"allow":["GET"]}}],"collection":[{"href":"https:\/\/brassoi-turista-egyesulet.eu\/index.php?rest_route=\/wp\/v2\/posts"}],"about":[{"href":"https:\/\/brassoi-turista-egyesulet.eu\/index.php?rest_route=\/wp\/v2\/types\/post"}],"author":[{"embeddable":true,"href":"https:\/\/brassoi-turista-egyesulet.eu\/index.php?rest_route=\/wp\/v2\/users\/1"}],"replies":[{"embeddable":true,"href":"https:\/\/brassoi-turista-egyesulet.eu\/index.php?rest_route=%2Fwp%2Fv2%2Fcomments&post=2274"}],"version-history":[{"count":1,"href":"https:\/\/brassoi-turista-egyesulet.eu\/index.php?rest_route=\/wp\/v2\/posts\/2274\/revisions"}],"predecessor-version":[{"id":2276,"href":"https:\/\/brassoi-turista-egyesulet.eu\/index.php?rest_route=\/wp\/v2\/posts\/2274\/revisions\/2276"}],"wp:attachment":[{"href":"https:\/\/brassoi-turista-egyesulet.eu\/index.php?rest_route=%2Fwp%2Fv2%2Fmedia&parent=2274"}],"wp:term":[{"taxonomy":"category","embeddable":true,"href":"https:\/\/brassoi-turista-egyesulet.eu\/index.php?rest_route=%2Fwp%2Fv2%2Fcategories&post=2274"},{"taxonomy":"post_tag","embeddable":true,"href":"https:\/\/brassoi-turista-egyesulet.eu\/index.php?rest_route=%2Fwp%2Fv2%2Ftags&post=2274"}],"curies":[{"name":"wp","href":"https:\/\/api.w.org\/{rel}","templated":true}]}}