{"id":2281,"date":"2023-03-20T22:21:44","date_gmt":"2023-03-20T19:21:44","guid":{"rendered":"http:\/\/brassoi-turista-egyesulet.eu\/?p=2281"},"modified":"2023-03-22T22:22:36","modified_gmt":"2023-03-22T19:22:36","slug":"2023-marcius-22","status":"publish","type":"post","link":"https:\/\/brassoi-turista-egyesulet.eu\/?p=2281","title":{"rendered":"2023 m\u00e1rcius 22"},"content":{"rendered":"<div><b>T\u00far\u00e1t legk\u00f6zelebb m\u00e1rcius 22-\u00e9n szervez\u00fcnk.<\/b><\/div>\n<div>Tov\u00e1bbi r\u00e9szletek az\u00a0<b>ismert telefonsz\u00e1mon.\u00a0<\/b><\/div>\n<div><b>\u00a0<\/b><\/div>\n<div><b><span style=\"display:block;clear:both;height: 0px;padding-top: 20px;\"><\/span><\/b><\/div>\n<div>[singlepic id=11122 w=640 h=480 float=center]<\/div>\n<div>\n<div><b><span style=\"display:block;clear:both;height: 0px;padding-top: 20px;\"><\/span><\/b><\/div>\n<div>[singlepic id=11121 w=640 h=480 float=center]<\/div>\n<div><span style=\"display:block;clear:both;height: 0px;padding-top: 20px;\"><\/span><\/div>\n<\/div>\n<div><b>\u00a0<\/b><\/div>\n<div><b>1849 &#8211; M\u00e1rcius 15. A h\u0151s\u00f6k napja, Erd\u00e9lyben.\u00a0<\/b><\/div>\n<div><b>Brass\u00f3ban a Buzasoron\u00a0 Bem t\u00e1bornok eml\u00e9k t\u00e1bl\u00e1j\u00e1n\u00e1l,\u00a0<\/b><\/div>\n<div><b>valamint a Fellegv\u00e1ron szervezetek megeml\u00e9kez\u0151 \u00fcnnep\u00e9lyt, a Fellegv\u00e1rat v\u00e9d\u0151 szabads\u00e1gharcosok eml\u00e9k\u00e9re.\u00a0 \u00a0\u00a0<\/b><\/div>\n<div><b>Mi, a Fellegv\u00e1ron szervezett \u00fcnnep\u00e9ljen, koszor\u00faz\u00e1son vett\u00fcnk r\u00e9szt.<\/b><\/div>\n<div><b>Fot\u00f3 gal\u00e9ria. Fellegv\u00e1r:<\/b><\/div>\n<div><b>\u00a0<\/b><\/div>\n<div><b><span style=\"display:block;clear:both;height: 0px;padding-top: 20px;\"><\/span><\/b><\/div>\n<div>[nggallery id=897]<\/div>\n<div><span style=\"display:block;clear:both;height: 0px;padding-top: 20px;\"><\/span><\/div>\n<div>A tov\u00e1bbiakban az\u00a0<b>Erd\u00e9ly<\/b>\u00a0szerte, f\u0151leg S<b>z\u00e9kely-f\u00f6ld\u00f6n\u00a0<\/b>szervezett \u00fcnnep\u00e9lyekr\u0151l eml\u00e9kez\u00fcnk meg:<\/div>\n<div>\u00a0<span style=\"display:block;clear:both;height: 0px;padding-top: 20px;\"><\/span><\/div>\n<div><b>&#8211; Nyergestet\u0151:\u00a0<\/b><\/div>\n<div>[nggallery id=902]<\/div>\n<div><span style=\"display:block;clear:both;height: 0px;padding-top: 6px;\"><\/span><\/div>\n<div>\n<p><b>\u00a0<\/b><b>&#8211; K\u00e9zdiv\u00e1s\u00e1rhely:<\/b><br \/>\n[nggallery id=900]<br \/>\n<span style=\"display:block;clear:both;height: 0px;padding-top: 6px;\"><\/span><br \/>\n<b>&#8211; Sepsiszentgy\u00f6rgy:<\/b><br \/>\n[nggallery id=904]<br \/>\n<span style=\"display:block;clear:both;height: 0px;padding-top: 6px;\"><\/span><br \/>\n<b>&#8211; Brass\u00f3<\/b><b><b><br \/>\n<\/b><\/b>[nggallery id=898]<br \/>\n<span style=\"display:block;clear:both;height: 0px;padding-top: 6px;\"><\/span><br \/>\n<b>&#8211; T\u00f6m\u00f6s:<\/b><b><b><br \/>\n<\/b><\/b>[nggallery id=905]<br \/>\n<span style=\"display:block;clear:both;height: 0px;padding-top: 6px;\"><\/span><br \/>\n<b>&#8211; K\u00f6k\u00f6s:<\/b><b><b><br \/>\n<\/b><\/b>[nggallery id=901]<br \/>\n<span style=\"display:block;clear:both;height: 0px;padding-top: 6px;\"><\/span><br \/>\n<b>&#8211;\u00a0<\/b><b>Fels\u0151r\u00e1kos:<\/b><b><b><br \/>\n<\/b><\/b>[nggallery id=903]<br \/>\n<span style=\"display:block;clear:both;height: 0px;padding-top: 6px;\"><\/span><br \/>\n<b>&#8211; Feh\u00e9regyh\u00e1za:<\/b><br \/>\n[nggallery id=899]<br \/>\n<span style=\"display:block;clear:both;height: 0px;padding-top: 6px;\"><\/span><\/p>\n<\/div>\n","protected":false},"excerpt":{"rendered":"<p>T\u00far\u00e1t legk\u00f6zelebb m\u00e1rcius 22-\u00e9n szervez\u00fcnk. Tov\u00e1bbi r\u00e9szletek az\u00a0ismert telefonsz\u00e1mon.\u00a0 \u00a0 [singlepic id=11122 w=640 h=480 float=center] [singlepic id=11121 w=640 h=480 float=center] \u00a0 1849 &#8211; M\u00e1rcius 15. A h\u0151s\u00f6k napja, Erd\u00e9lyben.\u00a0 Brass\u00f3ban a Buzasoron\u00a0 Bem t\u00e1bornok eml\u00e9k t\u00e1bl\u00e1j\u00e1n\u00e1l,\u00a0 valamint a Fellegv\u00e1ron szervezetek megeml\u00e9kez\u0151 \u00fcnnep\u00e9lyt, a Fellegv\u00e1rat v\u00e9d\u0151 szabads\u00e1gharcosok eml\u00e9k\u00e9re.\u00a0 \u00a0\u00a0 Mi, a Fellegv\u00e1ron szervezett \u00fcnnep\u00e9ljen, koszor\u00faz\u00e1son vett\u00fcnk &hellip; <a href=\"https:\/\/brassoi-turista-egyesulet.eu\/?p=2281\" class=\"more-link\">Continue reading <span class=\"screen-reader-text\">2023 m\u00e1rcius 22<\/span> <span class=\"meta-nav\">&rarr;<\/span><\/a><\/p>\n","protected":false},"author":1,"featured_media":0,"comment_status":"closed","ping_status":"closed","sticky":false,"template":"","format":"standard","meta":{"footnotes":""},"categories":[2],"tags":[],"class_list":["post-2281","post","type-post","status-publish","format-standard","hentry","category-turak"],"_links":{"self":[{"href":"https:\/\/brassoi-turista-egyesulet.eu\/index.php?rest_route=\/wp\/v2\/posts\/2281","targetHints":{"allow":["GET"]}}],"collection":[{"href":"https:\/\/brassoi-turista-egyesulet.eu\/index.php?rest_route=\/wp\/v2\/posts"}],"about":[{"href":"https:\/\/brassoi-turista-egyesulet.eu\/index.php?rest_route=\/wp\/v2\/types\/post"}],"author":[{"embeddable":true,"href":"https:\/\/brassoi-turista-egyesulet.eu\/index.php?rest_route=\/wp\/v2\/users\/1"}],"replies":[{"embeddable":true,"href":"https:\/\/brassoi-turista-egyesulet.eu\/index.php?rest_route=%2Fwp%2Fv2%2Fcomments&post=2281"}],"version-history":[{"count":12,"href":"https:\/\/brassoi-turista-egyesulet.eu\/index.php?rest_route=\/wp\/v2\/posts\/2281\/revisions"}],"predecessor-version":[{"id":2293,"href":"https:\/\/brassoi-turista-egyesulet.eu\/index.php?rest_route=\/wp\/v2\/posts\/2281\/revisions\/2293"}],"wp:attachment":[{"href":"https:\/\/brassoi-turista-egyesulet.eu\/index.php?rest_route=%2Fwp%2Fv2%2Fmedia&parent=2281"}],"wp:term":[{"taxonomy":"category","embeddable":true,"href":"https:\/\/brassoi-turista-egyesulet.eu\/index.php?rest_route=%2Fwp%2Fv2%2Fcategories&post=2281"},{"taxonomy":"post_tag","embeddable":true,"href":"https:\/\/brassoi-turista-egyesulet.eu\/index.php?rest_route=%2Fwp%2Fv2%2Ftags&post=2281"}],"curies":[{"name":"wp","href":"https:\/\/api.w.org\/{rel}","templated":true}]}}