{"id":2294,"date":"2023-03-29T19:55:56","date_gmt":"2023-03-29T16:55:56","guid":{"rendered":"http:\/\/brassoi-turista-egyesulet.eu\/?p=2294"},"modified":"2023-03-29T19:55:56","modified_gmt":"2023-03-29T16:55:56","slug":"2023-aprilis-12","status":"publish","type":"post","link":"https:\/\/brassoi-turista-egyesulet.eu\/?p=2294","title":{"rendered":"2023 \u00e1prilis 12"},"content":{"rendered":"<p>&nbsp;<\/p>\n<div><b>\u00a0<\/b><\/div>\n<div><b>T\u00far\u00e1t legk\u00f6zelebb h\u00fasv\u00e9t ut\u00e1n szervez\u00fcnk.<\/b><\/div>\n<div>Tov\u00e1bbi r\u00e9szletek az\u00a0<b>ismert telefonsz\u00e1mon.<\/b><\/div>\n<div><b>\u00a0<\/b><\/div>\n<div><b>[singlepic id=11177 w=640 h=480 float=center]<\/b><\/div>\n<div><b>\u00a0<\/b><\/div>\n<div><b>A m\u00faltheti t\u00far\u00e1val kapcsolatban: Kereszt\u00e9ny-havas, h\u00e1rom tet\u0151cs\u00facs.<\/b><\/div>\n<div><b>&#8211;\u00a0<\/b>Kellemes, tavaszi id\u0151ben indultunk el. A gondol\u00e1val ment\u00fcnk fel a\u00a0<b>Pandella cs\u00facs\u00a0<\/b>al\u00e1. Mindenfel\u00e9\u00a0 araszos nagys\u00e1g\u00fa h\u00f3. K\u00f6nnyed\u00e9n ment\u00fcnk fel a\u00a0<b>Pandella<\/b>\u00a0cs\u00facsra.<\/div>\n<div>\u00a0A cs\u00facsr\u00f3l sz\u00e9p kil\u00e1t\u00e1s minden ir\u00e1nyba. A leg l\u00e1tv\u00e1nyosabb a\u00a0<b>Bucsecs-hegys\u00e9g\u00a0<\/b>volt. Tov\u00e1bb\u00e1 a behavazott\u00a0<b>Kir\u00e1lyk\u0151,\u00a0<\/b>a t\u00e1volban, egy kiss\u00e9 hom\u00e1lyosan a\u00a0<b>Fogarasi-havasok<\/b>\u00a0volt l\u00e1that\u00f3. Ellenkez\u0151 ir\u00e1nyban a\u00a0<b>Ruja-cs\u00facs\u00a0<\/b>\u00e9s a\u00a0<b>Poszt\u00f3v\u00e1r mer\u00e9sz cs\u00facsa 1800 m.\u00a0<\/b>volt l\u00e1that\u00f3.<\/div>\n<div>A havas hegyoldal\u00e1n, s\u00edel\u0151k sokas\u00e1ga.<\/div>\n<div>Aki t\u00f6bbet akar tudni, keresse fel\u00a0<b>Orb\u00e1n Bal\u00e1zs \u00ed<\/b>r\u00e1s\u00e1t. R\u00e9szletes besz\u00e1mol\u00f3t tal\u00e1l a hegys\u00e9gr\u0151l.<\/div>\n<div>Miut\u00e1n j\u00f3l kis\u00e9t\u00e1ltuk magunkat, a k\u00f6zelben l\u00e9v\u0151 panzi\u00f3ban eb\u00e9delt\u00fcnk. Majd leereszkedt\u00fcnk a\u00a0<b>Poj\u00e1n\u00e1ban.\u00a0<\/b>A t\u00f6megesen ny\u00edl\u00f3, csod\u00e1latos\u00a0 krokusz vir\u00e1gokkal bor\u00edtott hegyoldalt kerest\u00fck meg.<\/div>\n<div><b>Fot\u00f3 gal\u00e9ria:<\/b><\/div>\n<div><span style=\"display:block;clear:both;height: 0px;padding-top: 20px;\"><\/span><\/div>\n<div>[nggallery id=907]<\/div>\n","protected":false},"excerpt":{"rendered":"<p>&nbsp; \u00a0 T\u00far\u00e1t legk\u00f6zelebb h\u00fasv\u00e9t ut\u00e1n szervez\u00fcnk. Tov\u00e1bbi r\u00e9szletek az\u00a0ismert telefonsz\u00e1mon. \u00a0 [singlepic id=11177 w=640 h=480 float=center] \u00a0 A m\u00faltheti t\u00far\u00e1val kapcsolatban: Kereszt\u00e9ny-havas, h\u00e1rom tet\u0151cs\u00facs. &#8211;\u00a0Kellemes, tavaszi id\u0151ben indultunk el. A gondol\u00e1val ment\u00fcnk fel a\u00a0Pandella cs\u00facs\u00a0al\u00e1. Mindenfel\u00e9\u00a0 araszos nagys\u00e1g\u00fa h\u00f3. K\u00f6nnyed\u00e9n ment\u00fcnk fel a\u00a0Pandella\u00a0cs\u00facsra. \u00a0A cs\u00facsr\u00f3l sz\u00e9p kil\u00e1t\u00e1s minden ir\u00e1nyba. A leg l\u00e1tv\u00e1nyosabb a\u00a0Bucsecs-hegys\u00e9g\u00a0volt. Tov\u00e1bb\u00e1 &hellip; <a href=\"https:\/\/brassoi-turista-egyesulet.eu\/?p=2294\" class=\"more-link\">Continue reading <span class=\"screen-reader-text\">2023 \u00e1prilis 12<\/span> <span class=\"meta-nav\">&rarr;<\/span><\/a><\/p>\n","protected":false},"author":1,"featured_media":0,"comment_status":"closed","ping_status":"closed","sticky":false,"template":"","format":"standard","meta":{"footnotes":""},"categories":[2],"tags":[],"class_list":["post-2294","post","type-post","status-publish","format-standard","hentry","category-turak"],"_links":{"self":[{"href":"https:\/\/brassoi-turista-egyesulet.eu\/index.php?rest_route=\/wp\/v2\/posts\/2294","targetHints":{"allow":["GET"]}}],"collection":[{"href":"https:\/\/brassoi-turista-egyesulet.eu\/index.php?rest_route=\/wp\/v2\/posts"}],"about":[{"href":"https:\/\/brassoi-turista-egyesulet.eu\/index.php?rest_route=\/wp\/v2\/types\/post"}],"author":[{"embeddable":true,"href":"https:\/\/brassoi-turista-egyesulet.eu\/index.php?rest_route=\/wp\/v2\/users\/1"}],"replies":[{"embeddable":true,"href":"https:\/\/brassoi-turista-egyesulet.eu\/index.php?rest_route=%2Fwp%2Fv2%2Fcomments&post=2294"}],"version-history":[{"count":1,"href":"https:\/\/brassoi-turista-egyesulet.eu\/index.php?rest_route=\/wp\/v2\/posts\/2294\/revisions"}],"predecessor-version":[{"id":2295,"href":"https:\/\/brassoi-turista-egyesulet.eu\/index.php?rest_route=\/wp\/v2\/posts\/2294\/revisions\/2295"}],"wp:attachment":[{"href":"https:\/\/brassoi-turista-egyesulet.eu\/index.php?rest_route=%2Fwp%2Fv2%2Fmedia&parent=2294"}],"wp:term":[{"taxonomy":"category","embeddable":true,"href":"https:\/\/brassoi-turista-egyesulet.eu\/index.php?rest_route=%2Fwp%2Fv2%2Fcategories&post=2294"},{"taxonomy":"post_tag","embeddable":true,"href":"https:\/\/brassoi-turista-egyesulet.eu\/index.php?rest_route=%2Fwp%2Fv2%2Ftags&post=2294"}],"curies":[{"name":"wp","href":"https:\/\/api.w.org\/{rel}","templated":true}]}}