{"id":2299,"date":"2023-04-19T20:19:55","date_gmt":"2023-04-19T17:19:55","guid":{"rendered":"http:\/\/brassoi-turista-egyesulet.eu\/?p=2299"},"modified":"2023-04-19T20:20:23","modified_gmt":"2023-04-19T17:20:23","slug":"2023-aprilis-29","status":"publish","type":"post","link":"https:\/\/brassoi-turista-egyesulet.eu\/?p=2299","title":{"rendered":"2023 \u00e1prilis 29"},"content":{"rendered":"<p>&nbsp;<\/p>\n<div><b>T\u00far\u00e1t legk\u00f6zelebb \u00e1prilis 26-\u00e1n szervez\u00fcnk, ha az id\u0151j\u00e1r\u00e1s megfelel\u0151 lesz.<\/b><\/div>\n<div>Tov\u00e1bbi r\u00e9szletek az\u00a0<b>ismert telefonsz\u00e1mon.\u00a0<\/b><\/div>\n<div><b>\u00a0<\/b><\/div>\n<div><span style=\"display:block;clear:both;height: 0px;padding-top: 20px;\"><\/span><\/div>\n<div>[singlepic id=11222 w=640 h=480 float=center]<\/div>\n<div><span style=\"display:block;clear:both;height: 0px;padding-top: 20px;\"><\/span><\/div>\n<div>[singlepic id=11223 w=640 h=480 float=center]<\/div>\n<div><span style=\"display:block;clear:both;height: 0px;padding-top: 20px;\"><\/span><\/div>\n<div><b>\u00a0<\/b><\/div>\n<div><b>AZ Ortodox, Nagy-p\u00e9nteken szervezett t\u00far\u00e1val kapcsolatban: Szentp\u00e9ter &#8211; Lempes-hegy.<\/b><\/div>\n<div>Kellemes, tavaszias id\u0151ben, a 42O-as busszal ment\u00fcnk ki\u00a0<b>Szentp\u00e9terre.\u00a0<\/b>R\u00f6vid id\u0151 alatt \u00e9rt\u00fcnk ki a\u00a0<b>Lempes-hegyre.\u00a0<\/b>Sok\u00a0<span class=\"il\">turista<\/span>. T\u00f6bbek k\u00f6z\u00f6tt a\u00a0<b>cs\u00edkszerdai\u00a0<\/b>turist\u00e1kat \u00fcdv\u00f6z\u00f6lt\u00fck, majd k\u00f6z\u00f6s f\u00e9nyk\u00e9pet k\u00e9sz\u00edtett\u00fcnk. Tov\u00e1bb\u00e1 tal\u00e1lkoztunk\u00a0<b>sepsiszengy\u00f6rgyi\u00a0<\/b>\u00e9s\u00a0<b>brass\u00f3i\u00a0<\/b>turist\u00e1kkal is. Az ismer\u0151s turist\u00e1kkal elbesz\u00e9lgett\u00fck.<\/div>\n<div>Tov\u00e1bb\u00e1 a kora tavaszi vir\u00e1gokban gy\u00f6ny\u00f6rk\u00f6dt\u00fcnk. A kil\u00e1t\u00f3t\u00f3l, \u00e9s a tv. toronyt\u00f3l sz\u00e9p kil\u00e1t\u00e1s ny\u00edlik a\u00a0<b>K\u00e1rp\u00e1t-kanyar\u00a0<\/b>hegyeire<b>.\u00a0<\/b>A behavazott, feh\u00e9ren csillog\u00f3 hegyeket csod\u00e1ltuk meg:<\/div>\n<div><b>Csuk\u00e1s &#8211; Nagyk\u0151 &#8211; Kereszt\u00e9nyhavas &#8211; Bucsecs-hegys\u00e9g &#8211; Kir\u00e1lyk\u0151.\u00a0<\/b>T\u00e1volabb a\u00a0<b>Fogarasi-havasok\u00a0<\/b>l\u00e1tszanak. \u00c9rdemes megeml\u00edteni, a\u00a0<b>Kir\u00e1lyk\u0151\u00a0<\/b>h\u00e1ta m\u00f6g\u00f6tt a\u00a0<b>Jezer-P\u00f6pusa\u00a0<\/b>hegys\u00e9get, ( magyarosan \u00edrva.) A\u00a0<b>Voina\u00a0<\/b>turistah\u00e1zt\u00f3l, a k\u00e9k pont jelz\u00e9sen, az el\u00e1gaz\u00e1st\u00f3l 2 \u00f3ra alatt lehet el\u00e9rni a\u00a0<b>Iezer kunyh\u00f3t \u00e9s a Iezer-tavat. 2165 m.\u00a0<\/b><\/div>\n<div><b>A Voina turistah\u00e1zat, Cimpulung-rol lehet el\u00e9rni aszfaltozott \u00faton.\u00a0\u00a0\u00a0<\/b>\u00a0 \u00a0\u00a0\u00a0<b>\u00a0<\/b><\/div>\n<div><b>Fot\u00f3 gal\u00e9ria:<\/b><\/div>\n<div><span style=\"display:block;clear:both;height: 0px;padding-top: 20px;\"><\/span><\/div>\n<div>[nggallery id=912]<\/div>\n","protected":false},"excerpt":{"rendered":"<p>&nbsp; T\u00far\u00e1t legk\u00f6zelebb \u00e1prilis 26-\u00e1n szervez\u00fcnk, ha az id\u0151j\u00e1r\u00e1s megfelel\u0151 lesz. Tov\u00e1bbi r\u00e9szletek az\u00a0ismert telefonsz\u00e1mon.\u00a0 \u00a0 [singlepic id=11222 w=640 h=480 float=center] [singlepic id=11223 w=640 h=480 float=center] \u00a0 AZ Ortodox, Nagy-p\u00e9nteken szervezett t\u00far\u00e1val kapcsolatban: Szentp\u00e9ter &#8211; Lempes-hegy. Kellemes, tavaszias id\u0151ben, a 42O-as busszal ment\u00fcnk ki\u00a0Szentp\u00e9terre.\u00a0R\u00f6vid id\u0151 alatt \u00e9rt\u00fcnk ki a\u00a0Lempes-hegyre.\u00a0Sok\u00a0turista. T\u00f6bbek k\u00f6z\u00f6tt a\u00a0cs\u00edkszerdai\u00a0turist\u00e1kat \u00fcdv\u00f6z\u00f6lt\u00fck, majd k\u00f6z\u00f6s &hellip; <a href=\"https:\/\/brassoi-turista-egyesulet.eu\/?p=2299\" class=\"more-link\">Continue reading <span class=\"screen-reader-text\">2023 \u00e1prilis 29<\/span> <span class=\"meta-nav\">&rarr;<\/span><\/a><\/p>\n","protected":false},"author":1,"featured_media":0,"comment_status":"closed","ping_status":"closed","sticky":false,"template":"","format":"standard","meta":{"footnotes":""},"categories":[2],"tags":[],"class_list":["post-2299","post","type-post","status-publish","format-standard","hentry","category-turak"],"_links":{"self":[{"href":"https:\/\/brassoi-turista-egyesulet.eu\/index.php?rest_route=\/wp\/v2\/posts\/2299","targetHints":{"allow":["GET"]}}],"collection":[{"href":"https:\/\/brassoi-turista-egyesulet.eu\/index.php?rest_route=\/wp\/v2\/posts"}],"about":[{"href":"https:\/\/brassoi-turista-egyesulet.eu\/index.php?rest_route=\/wp\/v2\/types\/post"}],"author":[{"embeddable":true,"href":"https:\/\/brassoi-turista-egyesulet.eu\/index.php?rest_route=\/wp\/v2\/users\/1"}],"replies":[{"embeddable":true,"href":"https:\/\/brassoi-turista-egyesulet.eu\/index.php?rest_route=%2Fwp%2Fv2%2Fcomments&post=2299"}],"version-history":[{"count":2,"href":"https:\/\/brassoi-turista-egyesulet.eu\/index.php?rest_route=\/wp\/v2\/posts\/2299\/revisions"}],"predecessor-version":[{"id":2301,"href":"https:\/\/brassoi-turista-egyesulet.eu\/index.php?rest_route=\/wp\/v2\/posts\/2299\/revisions\/2301"}],"wp:attachment":[{"href":"https:\/\/brassoi-turista-egyesulet.eu\/index.php?rest_route=%2Fwp%2Fv2%2Fmedia&parent=2299"}],"wp:term":[{"taxonomy":"category","embeddable":true,"href":"https:\/\/brassoi-turista-egyesulet.eu\/index.php?rest_route=%2Fwp%2Fv2%2Fcategories&post=2299"},{"taxonomy":"post_tag","embeddable":true,"href":"https:\/\/brassoi-turista-egyesulet.eu\/index.php?rest_route=%2Fwp%2Fv2%2Ftags&post=2299"}],"curies":[{"name":"wp","href":"https:\/\/api.w.org\/{rel}","templated":true}]}}