{"id":2302,"date":"2023-05-02T21:33:11","date_gmt":"2023-05-02T18:33:11","guid":{"rendered":"http:\/\/brassoi-turista-egyesulet.eu\/?p=2302"},"modified":"2023-05-02T21:34:45","modified_gmt":"2023-05-02T18:34:45","slug":"2023-majus-3-6","status":"publish","type":"post","link":"https:\/\/brassoi-turista-egyesulet.eu\/?p=2302","title":{"rendered":"2023 m\u00e1jus 3 &#8211; 6"},"content":{"rendered":"<p>&nbsp;<\/p>\n<div><b>T\u00far\u00e1t m\u00e1jus 3-\u00e1n szerd\u00e1n,\u00a0 vagy 6-\u00e1n szombaton szervez\u00fcnk az id\u0151j\u00e1r\u00e1s f\u00fcggv\u00e9ny\u00e9ben.\u00a0<\/b><\/div>\n<div><b>El\u00f6lj\u00e1r\u00f3ban, m\u00e1jus 7-\u00e9n\u00a0 Any\u00e1k napj\u00e1n az \u00c9DESANY\u00c1KAT k\u00f6sz\u00f6ntj\u00fck!<\/b><\/div>\n<div><b>\u00a0\u00a0<\/b><\/div>\n<div><span style=\"display:block;clear:both;height: 0px;padding-top: 20px;\"><\/span><\/div>\n<div>[singlepic id=11261 w=640 h=480 float=center]<\/div>\n<div><span style=\"display:block;clear:both;height: 0px;padding-top: 20px;\"><\/span><\/div>\n<div>[singlepic id=11260 w=640 h=480 float=center]<\/div>\n<div><span style=\"display:block;clear:both;height: 0px;padding-top: 20px;\"><\/span><\/div>\n<div><b>\u00a0<\/b><\/div>\n<div><b>\u00a0<\/b><\/div>\n<div><b>A m\u00faltkori t\u00far\u00e1val kapcsolatban: Sepsiszentgy\u00f6rgy &#8211; V\u00e1s\u00e1r &#8211; Vad\u00e1sz m\u00fazeum:<\/b><\/div>\n<div>Egy kiss\u00e9 h\u0171v\u00f6s id\u0151ben indultunk el\u00a0<b>Brass\u00f3b\u00f3l. M<\/b>iut\u00e1n meg\u00e9rkezt\u00fcnk a kirak\u00f3 v\u00e1s\u00e1ron s\u00e9t\u00e1lgattunk. T\u00f6bb-mint 100 s\u00e1tor van fel\u00e1ll\u00edtva, k\u00fcl\u00f6nb\u00f6z\u0151 aj\u00e1nlatokkal. Ezt nem lehet le\u00edrni, ezt l\u00e1tni kel.<\/div>\n<div><b>Fot\u00f3 gal\u00e9ria: v\u00e1s\u00e1r:<\/b><\/div>\n<div><\/div>\n<div><span style=\"display:block;clear:both;height: 0px;padding-top: 20px;\"><\/span><\/div>\n<div>[nggallery id=913]<\/div>\n<div><span style=\"display:block;clear:both;height: 0px;padding-top: 20px;\"><\/span><\/div>\n<div><b>\u00a0<\/b><\/div>\n<div><b>\u00a0<\/b><\/div>\n<div>A k\u00f6zpontban a 10 \u00e9ve alakult\u00a0<b>Sz\u00e9kelyf\u00f6ldi Vad\u00e1szati M\u00fazeumot\u00a0<\/b>tekintett\u00fck meg.<\/div>\n<div>Prepar\u00e1lt, \u00e1latok, madarak sokas\u00e1g\u00e1t lehet itt l\u00e1tni.\u00a0<b>\u00c9rdemes megl\u00e1togatni, f\u0151leg gyerekekkel.<\/b><\/div>\n<div><b>Fot\u00f3 gal\u00e9ria. Vad\u00e1szati M\u00fazeum:<\/b><\/div>\n<div><span style=\"display:block;clear:both;height: 0px;padding-top: 20px;\"><\/span><\/div>\n<div>[nggallery id=914]<\/div>\n","protected":false},"excerpt":{"rendered":"<p>&nbsp; T\u00far\u00e1t m\u00e1jus 3-\u00e1n szerd\u00e1n,\u00a0 vagy 6-\u00e1n szombaton szervez\u00fcnk az id\u0151j\u00e1r\u00e1s f\u00fcggv\u00e9ny\u00e9ben.\u00a0 El\u00f6lj\u00e1r\u00f3ban, m\u00e1jus 7-\u00e9n\u00a0 Any\u00e1k napj\u00e1n az \u00c9DESANY\u00c1KAT k\u00f6sz\u00f6ntj\u00fck! \u00a0\u00a0 [singlepic id=11261 w=640 h=480 float=center] [singlepic id=11260 w=640 h=480 float=center] \u00a0 \u00a0 A m\u00faltkori t\u00far\u00e1val kapcsolatban: Sepsiszentgy\u00f6rgy &#8211; V\u00e1s\u00e1r &#8211; Vad\u00e1sz m\u00fazeum: Egy kiss\u00e9 h\u0171v\u00f6s id\u0151ben indultunk el\u00a0Brass\u00f3b\u00f3l. Miut\u00e1n meg\u00e9rkezt\u00fcnk a kirak\u00f3 v\u00e1s\u00e1ron s\u00e9t\u00e1lgattunk. &hellip; <a href=\"https:\/\/brassoi-turista-egyesulet.eu\/?p=2302\" class=\"more-link\">Continue reading <span class=\"screen-reader-text\">2023 m\u00e1jus 3 &#8211; 6<\/span> <span class=\"meta-nav\">&rarr;<\/span><\/a><\/p>\n","protected":false},"author":1,"featured_media":0,"comment_status":"closed","ping_status":"closed","sticky":false,"template":"","format":"standard","meta":{"footnotes":""},"categories":[2],"tags":[],"class_list":["post-2302","post","type-post","status-publish","format-standard","hentry","category-turak"],"_links":{"self":[{"href":"https:\/\/brassoi-turista-egyesulet.eu\/index.php?rest_route=\/wp\/v2\/posts\/2302","targetHints":{"allow":["GET"]}}],"collection":[{"href":"https:\/\/brassoi-turista-egyesulet.eu\/index.php?rest_route=\/wp\/v2\/posts"}],"about":[{"href":"https:\/\/brassoi-turista-egyesulet.eu\/index.php?rest_route=\/wp\/v2\/types\/post"}],"author":[{"embeddable":true,"href":"https:\/\/brassoi-turista-egyesulet.eu\/index.php?rest_route=\/wp\/v2\/users\/1"}],"replies":[{"embeddable":true,"href":"https:\/\/brassoi-turista-egyesulet.eu\/index.php?rest_route=%2Fwp%2Fv2%2Fcomments&post=2302"}],"version-history":[{"count":3,"href":"https:\/\/brassoi-turista-egyesulet.eu\/index.php?rest_route=\/wp\/v2\/posts\/2302\/revisions"}],"predecessor-version":[{"id":2305,"href":"https:\/\/brassoi-turista-egyesulet.eu\/index.php?rest_route=\/wp\/v2\/posts\/2302\/revisions\/2305"}],"wp:attachment":[{"href":"https:\/\/brassoi-turista-egyesulet.eu\/index.php?rest_route=%2Fwp%2Fv2%2Fmedia&parent=2302"}],"wp:term":[{"taxonomy":"category","embeddable":true,"href":"https:\/\/brassoi-turista-egyesulet.eu\/index.php?rest_route=%2Fwp%2Fv2%2Fcategories&post=2302"},{"taxonomy":"post_tag","embeddable":true,"href":"https:\/\/brassoi-turista-egyesulet.eu\/index.php?rest_route=%2Fwp%2Fv2%2Ftags&post=2302"}],"curies":[{"name":"wp","href":"https:\/\/api.w.org\/{rel}","templated":true}]}}