{"id":2311,"date":"2023-05-18T21:24:14","date_gmt":"2023-05-18T18:24:14","guid":{"rendered":"http:\/\/brassoi-turista-egyesulet.eu\/?p=2311"},"modified":"2023-05-18T21:28:36","modified_gmt":"2023-05-18T18:28:36","slug":"2023-majus-27","status":"publish","type":"post","link":"https:\/\/brassoi-turista-egyesulet.eu\/?p=2311","title":{"rendered":"2023 m\u00e1jus 27"},"content":{"rendered":"<p>&nbsp;<\/p>\n<div>[singlepic id=11308 w=640 h=480 float=center]<\/div>\n<div><span style=\"display:block;clear:both;height: 0px;padding-top: 20px;\"><\/span><br \/>\nKiny\u00edlt a\u00a0<b>T\u00e1rnics &#8211; K\u00e9k Enci\u00e1n.\u00a0<\/b><\/div>\n<div>\u00a0A BTE t\u00far\u00e1k keret\u00e9n sokszor tal\u00e1lkoztunk az\u00a0<b>Enci\u00e1nnal,\u00a0<\/b>f\u0151leg a\u00a0<b>Magur\u00e1n.\u00a0<\/b><\/div>\n<div>Mindennap bor\u00fas- es\u0151s az id\u0151j\u00e1r\u00e1s. Az id\u0151j\u00e1r\u00e1s f\u00fcggv\u00e9ny\u00e9ben t\u00far\u00e1t legk\u00f6zelebb szombaton, 27- \u00e9n szervez\u00fcnk.<\/div>\n<div><\/div>\n<div><span style=\"display:block;clear:both;height: 0px;padding-top: 20px;\"><\/span><\/div>\n<div>\n<div>[singlepic id=11305 w=640 h=480 float=center]<\/div>\n<div><span style=\"display:block;clear:both;height: 0px;padding-top: 20px;\"><\/span><\/div>\n<\/div>\n<div><\/div>\n<div><b>M\u00e1jus 10-\u00e9n, a MADARAK \u00c9S A F\u00c1K NAPJ\u00c1R\u00d3L EML\u00c9KZT\u00dcNK MEG.<\/b><\/div>\n<div><b>\u00a0<\/b><\/div>\n<div>\n<div><span style=\"display:block;clear:both;height: 0px;padding-top: 20px;\"><\/span><\/div>\n<div>\n<div>[singlepic id=11306 w=640 h=480 float=center]<\/div>\n<div><span style=\"display:block;clear:both;height: 0px;padding-top: 20px;\"><\/span><\/div>\n<div>\n<div>\n<div>[singlepic id=11307 w=640 h=480 float=center]<\/div>\n<div><span style=\"display:block;clear:both;height: 0px;padding-top: 20px;\"><\/span><\/div>\n<\/div>\n<\/div>\n<\/div>\n<\/div>\n<div><\/div>\n<div><b>A m\u00faltkori t\u00far\u00e1val kapcsolatban. A Cenk-hegy.<\/b><\/div>\n<div><b>1971-ben felvon\u00f3 \u00e9p\u00fclt. 25 lej fel &#8211; le.<\/b><\/div>\n<div>Egy kiss\u00e9 k\u00f6d\u00f6s, de sz\u00e9p meleg id\u0151ben s\u00e9t\u00e1lgattunk a\u00a0<b>Cenk\u00a0<\/b>fels\u0151 gerinc\u00e9n a felvon\u00f3 \u00e9s a cs\u00facs k\u00f6z\u00f6tt. Az \u00fat mindk\u00e9t oldal\u00e1n k\u00fcl\u00f6nb\u00f6z\u0151 vir\u00e1gok sokas\u00e1ga gy\u00f6ny\u00f6rk\u00f6dtette mag\u00e1t. F\u0151leg a feh\u00e9r csillagvir\u00e1g.<\/div>\n<div>R\u00f6vid id\u0151 alatt ki\u00e9rt\u00fcnk a kil\u00e1t\u00f3hoz. Miut\u00e1n j\u00f3l kib\u00e1multuk magunkat, kikapaszkodtunk a cs\u00facsra, ahol hajdan\u00e1ban az\u00a0<b>\u00c1rp\u00e1d szobor \u00e1llt.<\/b><\/div>\n<div>A cs\u00facson, sokf\u00e9le m\u0171eml\u00e9k volt, erre most nem t\u00e9r\u00fcnk ki. Viszont a sz\u00e9p kil\u00e1t\u00e1sban gy\u00f6ny\u00f6rk\u00f6dt\u00fcnk. Inn\u00e9t is l\u00e1tszanak a m\u00e1r ismert hegyek, egy p\u00e1rat eml\u00edtve:\u00a0<b>Bucsecs, Kir\u00e1lyk\u0151, fogarasi-havasok\u00a0<\/b>stb.<\/div>\n<div>A cs\u00facsr\u00f3l leereszkedt\u00fcnk a cs\u00facs al\u00e1, a magas szikl\u00e1k alatti k\u0151p\u00e1rk\u00e1nyra, az\u00a0<b>als\u00f3<\/b>\u00a0<b>kil\u00e1t\u00f3 \u00e9s a<\/b>\u00a0<b>Bethlen barlang\u00a0<\/b>k\u00f6zel\u00e9ben. A barlang el\u0151tt \u00e1lt a\u00a0<b>Bethlen vend\u00e9gl\u0151.\u00a0<\/b>\u00a0Amit\u00a0<b>Cabana Timpa\u00a0<\/b>\u00a0n\u00e9vre keresztelt\u00e9k \u00e1t.\u00a0<b>1977-ben le\u00e9get.\u00a0<\/b>A barlangban egy k\u0151kereszt volt l\u00e1that\u00f3, nyoma veszett.<\/div>\n<div>Tov\u00e1bbi hajdani m\u0171eml\u00e9k a volt\u00a0<b>Brass\u00f3via v\u00e1r, amit hajdan\u00e1ban Brass\u00f3 v\u00e1ra\u00a0<\/b>n\u00e9ven emlegettek.\u00a0<b>\u00a01447-ben\u00a0<\/b>lebontott\u00e1k, mivel vesz\u00e9lyt jelentett a v\u00e1rosra egy esetleges t\u00e1mad\u00e1s sor\u00e1n. K\u00e1r, mivel ak\u00e1r-mikor lehet a tet\u0151r\u0151l t\u00e1mad\u00e1st ind\u00edtani. A v\u00e1r makettje a felvon\u00f3 kij\u00e1rat\u00e1n\u00e1l l\u00e1that\u00f3.<\/div>\n<div>Sok\u00a0<span class=\"il\">turista<\/span>\u00a0\u00e9s gyerek. Medv\u00e9vel nem tal\u00e1lkoztunk, nyom\u00e1t se l\u00e1ttuk. Pedig szeretnek a Cenken k\u00f3sz\u00e1lni. A kullancsok is szeretik a Cenket, f\u0151leg a turist\u00e1k\u00e9rt. Egy kis friss v\u00e9r j\u00f3l j\u00f6n vacsor\u00e1ra. Miut\u00e1n haza \u00e9r\u00fcnk, els\u0151 dolgunk, hogy vizsg\u00e1ljuk \u00e1t f\u0151leg a v\u00e1llunkat, nem-e hoztunk kullancs vend\u00e9get haza.<\/div>\n<div><b>Fot\u00f3 gal\u00e9ria:\u00a0<\/b><\/div>\n<div><span style=\"display:block;clear:both;height: 0px;padding-top: 20px;\"><\/span><\/div>\n<div>[nggallery id=918]<\/div>\n","protected":false},"excerpt":{"rendered":"<p>&nbsp; [singlepic id=11308 w=640 h=480 float=center] Kiny\u00edlt a\u00a0T\u00e1rnics &#8211; K\u00e9k Enci\u00e1n.\u00a0 \u00a0A BTE t\u00far\u00e1k keret\u00e9n sokszor tal\u00e1lkoztunk az\u00a0Enci\u00e1nnal,\u00a0f\u0151leg a\u00a0Magur\u00e1n.\u00a0 Mindennap bor\u00fas- es\u0151s az id\u0151j\u00e1r\u00e1s. Az id\u0151j\u00e1r\u00e1s f\u00fcggv\u00e9ny\u00e9ben t\u00far\u00e1t legk\u00f6zelebb szombaton, 27- \u00e9n szervez\u00fcnk. [singlepic id=11305 w=640 h=480 float=center] M\u00e1jus 10-\u00e9n, a MADARAK \u00c9S A F\u00c1K NAPJ\u00c1R\u00d3L EML\u00c9KZT\u00dcNK MEG. \u00a0 [singlepic id=11306 w=640 h=480 float=center] [singlepic &hellip; <a href=\"https:\/\/brassoi-turista-egyesulet.eu\/?p=2311\" class=\"more-link\">Continue reading <span class=\"screen-reader-text\">2023 m\u00e1jus 27<\/span> <span class=\"meta-nav\">&rarr;<\/span><\/a><\/p>\n","protected":false},"author":1,"featured_media":0,"comment_status":"closed","ping_status":"closed","sticky":false,"template":"","format":"standard","meta":{"footnotes":""},"categories":[2],"tags":[],"class_list":["post-2311","post","type-post","status-publish","format-standard","hentry","category-turak"],"_links":{"self":[{"href":"https:\/\/brassoi-turista-egyesulet.eu\/index.php?rest_route=\/wp\/v2\/posts\/2311","targetHints":{"allow":["GET"]}}],"collection":[{"href":"https:\/\/brassoi-turista-egyesulet.eu\/index.php?rest_route=\/wp\/v2\/posts"}],"about":[{"href":"https:\/\/brassoi-turista-egyesulet.eu\/index.php?rest_route=\/wp\/v2\/types\/post"}],"author":[{"embeddable":true,"href":"https:\/\/brassoi-turista-egyesulet.eu\/index.php?rest_route=\/wp\/v2\/users\/1"}],"replies":[{"embeddable":true,"href":"https:\/\/brassoi-turista-egyesulet.eu\/index.php?rest_route=%2Fwp%2Fv2%2Fcomments&post=2311"}],"version-history":[{"count":1,"href":"https:\/\/brassoi-turista-egyesulet.eu\/index.php?rest_route=\/wp\/v2\/posts\/2311\/revisions"}],"predecessor-version":[{"id":2312,"href":"https:\/\/brassoi-turista-egyesulet.eu\/index.php?rest_route=\/wp\/v2\/posts\/2311\/revisions\/2312"}],"wp:attachment":[{"href":"https:\/\/brassoi-turista-egyesulet.eu\/index.php?rest_route=%2Fwp%2Fv2%2Fmedia&parent=2311"}],"wp:term":[{"taxonomy":"category","embeddable":true,"href":"https:\/\/brassoi-turista-egyesulet.eu\/index.php?rest_route=%2Fwp%2Fv2%2Fcategories&post=2311"},{"taxonomy":"post_tag","embeddable":true,"href":"https:\/\/brassoi-turista-egyesulet.eu\/index.php?rest_route=%2Fwp%2Fv2%2Ftags&post=2311"}],"curies":[{"name":"wp","href":"https:\/\/api.w.org\/{rel}","templated":true}]}}