{"id":2315,"date":"2023-06-01T20:28:18","date_gmt":"2023-06-01T17:28:18","guid":{"rendered":"http:\/\/brassoi-turista-egyesulet.eu\/?p=2315"},"modified":"2023-06-01T20:28:18","modified_gmt":"2023-06-01T17:28:18","slug":"2023-junius-7","status":"publish","type":"post","link":"https:\/\/brassoi-turista-egyesulet.eu\/?p=2315","title":{"rendered":"2023 j\u00fanius 7"},"content":{"rendered":"<p><b><\/b><b>T\u00far\u00e1t legk\u00f6zelebb j\u00fanius 7-\u00e9n szervez\u00fcnk, ha nem esik az es\u0151.<\/b><\/p>\n<div><span style=\"display:block;clear:both;height: 0px;padding-top: 20px;\"><\/span><\/div>\n<div>[singlepic id=11351 w=640 h=480 float=center]<\/div>\n<div><span style=\"display:block;clear:both;height: 0px;padding-top: 20px;\"><\/span><\/div>\n<div><\/div>\n<div>Tudom\u00e1sunkra jutott, hogy a\u00a0<b>Wart\u00e9n<\/b>\u00a0m\u00e1jus utols\u00f3 szombatj\u00e1n a\u00a0<b>Feh\u00e9r Torony \u00e9s a Fekete Torony\u00a0<\/b>nyitva.<\/div>\n<div>A\u00a0<b>Postar\u00e9tr\u0151l\u00a0<\/b>indultunk el, egy kiss\u00e9 bor\u00fas id\u0151ben. A kellemes s\u00e9t\u00e1ny-\u00faton hamar fel\u00e9rt\u00fcnk a\u00a0<b>Feh\u00e9r Toronyhoz.\u00a0<\/b>A torony nyitva. A l\u00e1togat\u00e1s d\u00edjtalan. A toronyban t\u00f6bb emeletet \u00e9p\u00edtettek ki. Az emeleteket k\u00f6z\u00f6tt fal\u00e9pcs\u0151k. A fels\u0151 helys\u00e9g felet \u00fcvegtet\u0151. F\u0151leg k\u00e9peket lehet l\u00e1tni. A\u00a0<b>fot\u00f3 gal\u00e9ri\u00e1ban l\u00e1thassuk.<\/b><\/div>\n<div><b>Fot\u00f3 gal\u00e9ria:\u00a0\u00a0<\/b><\/div>\n<div><\/div>\n<div><span style=\"display:block;clear:both;height: 0px;padding-top: 20px;\"><\/span><\/div>\n<div>[nggallery id=924]<\/div>\n<div><span style=\"display:block;clear:both;height: 0px;padding-top: 20px;\"><\/span><\/div>\n<div><\/div>\n<div>Kellemes \u00f6sv\u00e9nyen ment\u00fcnk tov\u00e1bb a\u00a0<b>Fekete Toronyhoz.\u00a0\u00a0<\/b>Nyitva. Megl\u00e1togattuk. F\u0151leg k\u00e9peket l\u00e1ttunk. A\u00a0<b>Fot\u00f3 gal\u00e9ri\u00e1ban\u00a0<\/b>l\u00e1thassuk.<\/div>\n<div><b>Fot\u00f3 gal\u00e9ria:<\/b><\/div>\n<div><\/div>\n<div>\n<div><span style=\"display:block;clear:both;height: 0px;padding-top: 20px;\"><\/span><\/div>\n<div>[nggallery id=925]<\/div>\n<div><span style=\"display:block;clear:both;height: 0px;padding-top: 20px;\"><\/span><\/div>\n<div><\/div>\n<\/div>\n<div>A torony terasz\u00e1r\u00f3l sz\u00e9p kil\u00e1t\u00e1s a v\u00e1rosra, f\u0151leg a\u00a0<b>Fekete Templomra\u00a0<\/b>\u00e9s a\u00a0<b>Cenk-hegy cs\u00facs\u00e1ra.<\/b><\/div>\n<div>T\u00e1vcs\u0151vel tanulm\u00e1nyozva a cs\u00facsot, j\u00f3l l\u00e1tszik a fels\u0151 kil\u00e1t\u00f3, balra alul az als\u00f3 terasz-kil\u00e1t\u00f3.\u00a0<b>Ezen a teraszon \u00e1llt hajdan\u00e1ban a BETHLEN BARLANG VEND\u00c9GL\u0150. Egy kiss\u00e9 jobbra a barlang is l\u00e1tszik.\u00a0<\/b><\/div>\n<div><b>A vend\u00e9gl\u0151 1977-ben \u00e9get le. Tan\u00fai voltunk. D\u00e9lt\u00e1jt pattog\u00e1st hallottunk, kirohantunk, szomor\u00fa l\u00e1tv\u00e1ny fogadott, \u00e9g a vend\u00e9gl\u0151!\u00a0\u00a0\u00a0<\/b>\u00a0<b>\u00a0\u00a0<\/b><\/div>\n","protected":false},"excerpt":{"rendered":"<p>T\u00far\u00e1t legk\u00f6zelebb j\u00fanius 7-\u00e9n szervez\u00fcnk, ha nem esik az es\u0151. [singlepic id=11351 w=640 h=480 float=center] Tudom\u00e1sunkra jutott, hogy a\u00a0Wart\u00e9n\u00a0m\u00e1jus utols\u00f3 szombatj\u00e1n a\u00a0Feh\u00e9r Torony \u00e9s a Fekete Torony\u00a0nyitva. A\u00a0Postar\u00e9tr\u0151l\u00a0indultunk el, egy kiss\u00e9 bor\u00fas id\u0151ben. A kellemes s\u00e9t\u00e1ny-\u00faton hamar fel\u00e9rt\u00fcnk a\u00a0Feh\u00e9r Toronyhoz.\u00a0A torony nyitva. A l\u00e1togat\u00e1s d\u00edjtalan. A toronyban t\u00f6bb emeletet \u00e9p\u00edtettek ki. Az emeleteket k\u00f6z\u00f6tt fal\u00e9pcs\u0151k. &hellip; <a href=\"https:\/\/brassoi-turista-egyesulet.eu\/?p=2315\" class=\"more-link\">Continue reading <span class=\"screen-reader-text\">2023 j\u00fanius 7<\/span> <span class=\"meta-nav\">&rarr;<\/span><\/a><\/p>\n","protected":false},"author":1,"featured_media":0,"comment_status":"closed","ping_status":"closed","sticky":false,"template":"","format":"standard","meta":{"footnotes":""},"categories":[2],"tags":[],"class_list":["post-2315","post","type-post","status-publish","format-standard","hentry","category-turak"],"_links":{"self":[{"href":"https:\/\/brassoi-turista-egyesulet.eu\/index.php?rest_route=\/wp\/v2\/posts\/2315","targetHints":{"allow":["GET"]}}],"collection":[{"href":"https:\/\/brassoi-turista-egyesulet.eu\/index.php?rest_route=\/wp\/v2\/posts"}],"about":[{"href":"https:\/\/brassoi-turista-egyesulet.eu\/index.php?rest_route=\/wp\/v2\/types\/post"}],"author":[{"embeddable":true,"href":"https:\/\/brassoi-turista-egyesulet.eu\/index.php?rest_route=\/wp\/v2\/users\/1"}],"replies":[{"embeddable":true,"href":"https:\/\/brassoi-turista-egyesulet.eu\/index.php?rest_route=%2Fwp%2Fv2%2Fcomments&post=2315"}],"version-history":[{"count":1,"href":"https:\/\/brassoi-turista-egyesulet.eu\/index.php?rest_route=\/wp\/v2\/posts\/2315\/revisions"}],"predecessor-version":[{"id":2316,"href":"https:\/\/brassoi-turista-egyesulet.eu\/index.php?rest_route=\/wp\/v2\/posts\/2315\/revisions\/2316"}],"wp:attachment":[{"href":"https:\/\/brassoi-turista-egyesulet.eu\/index.php?rest_route=%2Fwp%2Fv2%2Fmedia&parent=2315"}],"wp:term":[{"taxonomy":"category","embeddable":true,"href":"https:\/\/brassoi-turista-egyesulet.eu\/index.php?rest_route=%2Fwp%2Fv2%2Fcategories&post=2315"},{"taxonomy":"post_tag","embeddable":true,"href":"https:\/\/brassoi-turista-egyesulet.eu\/index.php?rest_route=%2Fwp%2Fv2%2Ftags&post=2315"}],"curies":[{"name":"wp","href":"https:\/\/api.w.org\/{rel}","templated":true}]}}