{"id":2322,"date":"2023-06-29T21:17:56","date_gmt":"2023-06-29T18:17:56","guid":{"rendered":"http:\/\/brassoi-turista-egyesulet.eu\/?p=2322"},"modified":"2023-06-30T21:30:34","modified_gmt":"2023-06-30T18:30:34","slug":"2023-julius-1","status":"publish","type":"post","link":"https:\/\/brassoi-turista-egyesulet.eu\/?p=2322","title":{"rendered":"2023 j\u00falius 1.\u00a0"},"content":{"rendered":"<div>[singlepic id=11407 w=640 h=480 float=center]<\/div>\n<div><span style=\"display:block;clear:both;height: 0px;padding-top: 20px;\"><\/span><\/div>\n<div><\/div>\n<div><b>&#8211; A m\u00faltkori t\u00far\u00e1val kapcsolatban: Erd\u0151szentgy\u00f6rgy \u00e9s k\u00f6rny\u00e9ke.\u00a0<\/b><\/div>\n<div><b>&#8211;<\/b>\u00a0A\u00a0<b>Magur\u00e1ra\u00a0<\/b>tervezett t\u00far\u00e1t egyel\u0151re elhalasztottuk.<\/div>\n<div><b>&#8211;\u00a0<\/b>A\u00a0<b>Katolikus Egyh\u00e1z\u00a0<\/b>megh\u00edv\u00e1s\u00e1ra\u00a0<b>Maros megy\u00e9ben,\u00a0<\/b>\u00a0<b>Erd\u0151szentgy\u00f6rgyre,\u00a0<\/b>ahol a\u00a0<b>Rh\u00e9dey kast\u00e9lyt\u00a0<\/b>l\u00e1togattuk meg, tov\u00e1bb\u00e1 a\u00a0<b>B\u00f6z\u00f6d tav\u00e1t, K\u00f6riaspatakon a Szalmakalap M\u00fazeumot\u00a0<\/b>szeml\u00e9lt\u00fck meg.<\/div>\n<div>Bor\u00fas, es\u0151s id\u0151ben indultunk el\u00a0<b>Brass\u00f3b\u00f3l.<\/b>\u00a0<b>Erd\u0151szentgy\u00f6rgy\u00f6n\u00a0<\/b>naps\u00fct\u00e9ses id\u0151 v\u00e1rt r\u00e1nk. A 700 \u00e9ves templomban im\u00e1dkoztunk majd a\u00a0<b>Rh\u00e9dey\u00a0<\/b>kast\u00e9lyt l\u00e1togattuk meg. K\u00e9peket a\u00a0<b>fot\u00f3 gal\u00e9ri\u00e1ban l\u00e1thatunk.<\/b><\/div>\n<div>Tov\u00e1bb\u00e1 a k\u00f6zelbe l\u00e9v\u0151\u00a0<b>B\u00f6z\u00f6d t\u00f3\u00a0<\/b>partj\u00e1n a\u00a0<strong>l<\/strong><b>evendula\u00a0<\/b>\u00fcltetv\u00e9nyt kerest\u00fck meg. Egy gy\u00f6ny\u00f6r\u0171 l\u00e1tv\u00e1nyban volt r\u00e9sz\u00fcnk. Az el\u00e1rasztott falu eml\u00e9k\u00e9re 170 kopjaf\u00e1t \u00e1ll\u00edtottak fel az\u00a0<b>Eml\u00e9k parkban. Fot\u00f3 gal\u00e9ria.<\/b>\u00a0\u00a0<b>\u00a0<\/b><\/div>\n<div>Kir\u00e1ndul\u00e1sunkat\u00a0<b>K\u00f6rispatakon\u00a0<\/b>folytattuk, miut\u00e1n megeb\u00e9delt\u00fcnk a\u00a0<b>Szalmakalap m\u00fazeumot\u00a0<\/b>tekintett\u00fck meg.\u00a0<b>Fot\u00f3 gal\u00e9ria.\u00a0<\/b><\/div>\n<div><b>K\u00f6sz\u00f6nj\u00fck a megh\u00edv\u00e1st, sz\u00e9p t\u00far\u00e1k voltak.<\/b><\/div>\n<div>D\u00e9lut\u00e1n elromlott az id\u0151. Eg\u00e9sz haz\u00e1ig csepergett az es\u0151.<\/div>\n<div><b>&#8211; Fot\u00f3 gal\u00e9ria, templom &#8211; Rh\u00e9dey kast\u00e9ly:<\/b><\/div>\n<div><\/div>\n<div><span style=\"display:block;clear:both;height: 0px;padding-top: 20px;\"><\/span><\/div>\n<div>[nggallery id=927]<\/div>\n<div><span style=\"display:block;clear:both;height: 0px;padding-top: 20px;\"><\/span><\/div>\n<div><b>\u00a0<\/b><\/div>\n<div><b>\u00a0<\/b><\/div>\n<div><b>&#8211; Fot\u00f3 gal\u00e9ria, B\u00f6z\u00f6d tava, levendula, Eml\u00e9kpark, kopjaf\u00e1k:<\/b><\/div>\n<div><b>\u00a0<\/b><\/div>\n<div>\n<div><span style=\"display:block;clear:both;height: 0px;padding-top: 20px;\"><\/span><\/div>\n<div>[nggallery id=928]<\/div>\n<div><span style=\"display:block;clear:both;height: 0px;padding-top: 20px;\"><\/span><\/div>\n<\/div>\n<div><b>\u00a0<\/b><\/div>\n<div><b>&#8211; Fot\u00f3 gal\u00e9ria, Szalmakalap M\u00fazeum:\u00a0 \u00a0\u00a0<\/b><\/div>\n<div><\/div>\n<div>\n<div><span style=\"display:block;clear:both;height: 0px;padding-top: 20px;\"><\/span><\/div>\n<div>[nggallery id=929]<\/div>\n<div><span style=\"display:block;clear:both;height: 0px;padding-top: 20px;\"><\/span><\/div>\n<\/div>\n","protected":false},"excerpt":{"rendered":"<p>[singlepic id=11407 w=640 h=480 float=center] &#8211; A m\u00faltkori t\u00far\u00e1val kapcsolatban: Erd\u0151szentgy\u00f6rgy \u00e9s k\u00f6rny\u00e9ke.\u00a0 &#8211;\u00a0A\u00a0Magur\u00e1ra\u00a0tervezett t\u00far\u00e1t egyel\u0151re elhalasztottuk. &#8211;\u00a0A\u00a0Katolikus Egyh\u00e1z\u00a0megh\u00edv\u00e1s\u00e1ra\u00a0Maros megy\u00e9ben,\u00a0\u00a0Erd\u0151szentgy\u00f6rgyre,\u00a0ahol a\u00a0Rh\u00e9dey kast\u00e9lyt\u00a0l\u00e1togattuk meg, tov\u00e1bb\u00e1 a\u00a0B\u00f6z\u00f6d tav\u00e1t, K\u00f6riaspatakon a Szalmakalap M\u00fazeumot\u00a0szeml\u00e9lt\u00fck meg. Bor\u00fas, es\u0151s id\u0151ben indultunk el\u00a0Brass\u00f3b\u00f3l.\u00a0Erd\u0151szentgy\u00f6rgy\u00f6n\u00a0naps\u00fct\u00e9ses id\u0151 v\u00e1rt r\u00e1nk. A 700 \u00e9ves templomban im\u00e1dkoztunk majd a\u00a0Rh\u00e9dey\u00a0kast\u00e9lyt l\u00e1togattuk meg. K\u00e9peket a\u00a0fot\u00f3 gal\u00e9ri\u00e1ban l\u00e1thatunk. Tov\u00e1bb\u00e1 a k\u00f6zelbe &hellip; <a href=\"https:\/\/brassoi-turista-egyesulet.eu\/?p=2322\" class=\"more-link\">Continue reading <span class=\"screen-reader-text\">2023 j\u00falius 1.\u00a0<\/span> <span class=\"meta-nav\">&rarr;<\/span><\/a><\/p>\n","protected":false},"author":1,"featured_media":0,"comment_status":"closed","ping_status":"closed","sticky":false,"template":"","format":"standard","meta":{"footnotes":""},"categories":[2],"tags":[],"class_list":["post-2322","post","type-post","status-publish","format-standard","hentry","category-turak"],"_links":{"self":[{"href":"https:\/\/brassoi-turista-egyesulet.eu\/index.php?rest_route=\/wp\/v2\/posts\/2322","targetHints":{"allow":["GET"]}}],"collection":[{"href":"https:\/\/brassoi-turista-egyesulet.eu\/index.php?rest_route=\/wp\/v2\/posts"}],"about":[{"href":"https:\/\/brassoi-turista-egyesulet.eu\/index.php?rest_route=\/wp\/v2\/types\/post"}],"author":[{"embeddable":true,"href":"https:\/\/brassoi-turista-egyesulet.eu\/index.php?rest_route=\/wp\/v2\/users\/1"}],"replies":[{"embeddable":true,"href":"https:\/\/brassoi-turista-egyesulet.eu\/index.php?rest_route=%2Fwp%2Fv2%2Fcomments&post=2322"}],"version-history":[{"count":3,"href":"https:\/\/brassoi-turista-egyesulet.eu\/index.php?rest_route=\/wp\/v2\/posts\/2322\/revisions"}],"predecessor-version":[{"id":2325,"href":"https:\/\/brassoi-turista-egyesulet.eu\/index.php?rest_route=\/wp\/v2\/posts\/2322\/revisions\/2325"}],"wp:attachment":[{"href":"https:\/\/brassoi-turista-egyesulet.eu\/index.php?rest_route=%2Fwp%2Fv2%2Fmedia&parent=2322"}],"wp:term":[{"taxonomy":"category","embeddable":true,"href":"https:\/\/brassoi-turista-egyesulet.eu\/index.php?rest_route=%2Fwp%2Fv2%2Fcategories&post=2322"},{"taxonomy":"post_tag","embeddable":true,"href":"https:\/\/brassoi-turista-egyesulet.eu\/index.php?rest_route=%2Fwp%2Fv2%2Ftags&post=2322"}],"curies":[{"name":"wp","href":"https:\/\/api.w.org\/{rel}","templated":true}]}}