{"id":2327,"date":"2023-07-05T20:25:21","date_gmt":"2023-07-05T17:25:21","guid":{"rendered":"http:\/\/brassoi-turista-egyesulet.eu\/?p=2327"},"modified":"2023-07-06T21:58:29","modified_gmt":"2023-07-06T18:58:29","slug":"2023-julius-8-11","status":"publish","type":"post","link":"https:\/\/brassoi-turista-egyesulet.eu\/?p=2327","title":{"rendered":"2023. j\u00falius 8 &#8211; 11"},"content":{"rendered":"<div>[singlepic id=11426 w=640 h=480 float=center]<\/div>\n<div><span style=\"display:block;clear:both;height: 0px;padding-top: 20px;\"><\/span><\/div>\n<div><\/div>\n<div><b>El\u00f6lj\u00e1r\u00f3ban:\u00a0<\/b>Most ny\u00edlik a\u00a0<b>Rhododendron.\u00a0<\/b>A legszebb vir\u00e1gz\u00e1sa a\u00a0<b>Retyez\u00e1ton\u00a0<\/b>van.<\/div>\n<div>Az \u00e9vek sor\u00e1n, k\u00fcl\u00f6nb\u00f6z\u0151 hegyvid\u00e9ken majdnem minden \u00e9vben szervezt\u00fcnk\u00a0<b>Rhododendron\u00a0<\/b>t\u00far\u00e1t.\u00a0<b>Retyez\u00e1t, Bucsecs-hegys\u00e9g, Csuk\u00e1s, Nagyk\u0151havas, Buksa\u00a0<\/b>stb.<\/div>\n<div>Hozz\u00e1nk legk\u00f6zelebb a\u00a0<b>Buks\u00e1n\u00a0<\/b>tal\u00e1lhat\u00f3, amit <strong>F<\/strong><b>els\u0151mo\u00e9csr\u0151l\u00a0<\/b>k\u00f6zelithet\u00fcnk meg, ahol sz\u00e9p kil\u00e1t\u00e1s ny\u00edlik a\u00a0<b>Strunga\u00a0<\/b>k\u00f6rny\u00e9k\u00e9re,\u00a0 de ott most a medv\u00e9k j\u00e1rnak.<\/div>\n<div><\/div>\n<div><b>T\u00far\u00e1t legk\u00f6zelebb j\u00falius 8-\u00e1n, vagy 11-\u00e9n szervez\u00fcnk az id\u0151j\u00e1r\u00e1st\u00f3l f\u00fcgg\u0151en.\u00a0<\/b><\/div>\n<div><b>Javasol t\u00fara: Kereszt\u00e9ny-havas.<\/b><\/div>\n<div><\/div>\n<div><span style=\"display:block;clear:both;height: 0px;padding-top: 20px;\"><\/span><\/div>\n<div>\n<div>[singlepic id=11427 w=640 h=480 float=center]<\/div>\n<div><span style=\"display:block;clear:both;height: 0px;padding-top: 20px;\"><\/span><\/div>\n<\/div>\n<div><b>\u00a0<\/b><\/div>\n<div><b>A m\u00faltheti t\u00far\u00e1val kapcsolatban: A Lempes hegyidomborzat vid\u00e9ke.<\/b><\/div>\n<div><b>J\u00falius 1-\u00e9n\u00a0<\/b>szombaton, ny\u00e1ri meleg id\u0151ben indultunk el. Fent a gerincen, kellemes szell\u0151.\u00a0 \u00a0 A kev\u00e9s turista ellen\u00e9re sok ismer\u0151s turist\u00e1val tal\u00e1lkoztunk.<\/div>\n<div>Val\u00f3sz\u00edn\u0171, hogy a nagy meleg miatt sokkal kevesebb volt a vir\u00e1g. Ami volt az sz\u00e9pvolt.<\/div>\n<div><b>Fot\u00f3 gal\u00e9ria:<\/b><\/div>\n<div><span style=\"display:block;clear:both;height: 0px;padding-top: 20px;\"><\/span><\/div>\n<div>[nggallery id=932]<\/div>\n","protected":false},"excerpt":{"rendered":"<p>[singlepic id=11426 w=640 h=480 float=center] El\u00f6lj\u00e1r\u00f3ban:\u00a0Most ny\u00edlik a\u00a0Rhododendron.\u00a0A legszebb vir\u00e1gz\u00e1sa a\u00a0Retyez\u00e1ton\u00a0van. Az \u00e9vek sor\u00e1n, k\u00fcl\u00f6nb\u00f6z\u0151 hegyvid\u00e9ken majdnem minden \u00e9vben szervezt\u00fcnk\u00a0Rhododendron\u00a0t\u00far\u00e1t.\u00a0Retyez\u00e1t, Bucsecs-hegys\u00e9g, Csuk\u00e1s, Nagyk\u0151havas, Buksa\u00a0stb. Hozz\u00e1nk legk\u00f6zelebb a\u00a0Buks\u00e1n\u00a0tal\u00e1lhat\u00f3, amit Fels\u0151mo\u00e9csr\u0151l\u00a0k\u00f6zelithet\u00fcnk meg, ahol sz\u00e9p kil\u00e1t\u00e1s ny\u00edlik a\u00a0Strunga\u00a0k\u00f6rny\u00e9k\u00e9re,\u00a0 de ott most a medv\u00e9k j\u00e1rnak. T\u00far\u00e1t legk\u00f6zelebb j\u00falius 8-\u00e1n, vagy 11-\u00e9n szervez\u00fcnk az id\u0151j\u00e1r\u00e1st\u00f3l f\u00fcgg\u0151en.\u00a0 Javasol t\u00fara: Kereszt\u00e9ny-havas. [singlepic &hellip; <a href=\"https:\/\/brassoi-turista-egyesulet.eu\/?p=2327\" class=\"more-link\">Continue reading <span class=\"screen-reader-text\">2023. j\u00falius 8 &#8211; 11<\/span> <span class=\"meta-nav\">&rarr;<\/span><\/a><\/p>\n","protected":false},"author":1,"featured_media":0,"comment_status":"closed","ping_status":"closed","sticky":false,"template":"","format":"standard","meta":{"footnotes":""},"categories":[2],"tags":[],"class_list":["post-2327","post","type-post","status-publish","format-standard","hentry","category-turak"],"_links":{"self":[{"href":"https:\/\/brassoi-turista-egyesulet.eu\/index.php?rest_route=\/wp\/v2\/posts\/2327","targetHints":{"allow":["GET"]}}],"collection":[{"href":"https:\/\/brassoi-turista-egyesulet.eu\/index.php?rest_route=\/wp\/v2\/posts"}],"about":[{"href":"https:\/\/brassoi-turista-egyesulet.eu\/index.php?rest_route=\/wp\/v2\/types\/post"}],"author":[{"embeddable":true,"href":"https:\/\/brassoi-turista-egyesulet.eu\/index.php?rest_route=\/wp\/v2\/users\/1"}],"replies":[{"embeddable":true,"href":"https:\/\/brassoi-turista-egyesulet.eu\/index.php?rest_route=%2Fwp%2Fv2%2Fcomments&post=2327"}],"version-history":[{"count":2,"href":"https:\/\/brassoi-turista-egyesulet.eu\/index.php?rest_route=\/wp\/v2\/posts\/2327\/revisions"}],"predecessor-version":[{"id":2329,"href":"https:\/\/brassoi-turista-egyesulet.eu\/index.php?rest_route=\/wp\/v2\/posts\/2327\/revisions\/2329"}],"wp:attachment":[{"href":"https:\/\/brassoi-turista-egyesulet.eu\/index.php?rest_route=%2Fwp%2Fv2%2Fmedia&parent=2327"}],"wp:term":[{"taxonomy":"category","embeddable":true,"href":"https:\/\/brassoi-turista-egyesulet.eu\/index.php?rest_route=%2Fwp%2Fv2%2Fcategories&post=2327"},{"taxonomy":"post_tag","embeddable":true,"href":"https:\/\/brassoi-turista-egyesulet.eu\/index.php?rest_route=%2Fwp%2Fv2%2Ftags&post=2327"}],"curies":[{"name":"wp","href":"https:\/\/api.w.org\/{rel}","templated":true}]}}