{"id":2330,"date":"2023-07-14T21:27:50","date_gmt":"2023-07-14T18:27:50","guid":{"rendered":"http:\/\/brassoi-turista-egyesulet.eu\/?p=2330"},"modified":"2023-07-14T21:28:11","modified_gmt":"2023-07-14T18:28:11","slug":"2023-julius-22","status":"publish","type":"post","link":"https:\/\/brassoi-turista-egyesulet.eu\/?p=2330","title":{"rendered":"2023 j\u00falius 22"},"content":{"rendered":"<div><b>T\u00far\u00e1t legk\u00f6zelebb j\u00falius 22-\u00e9n szervez\u00fcnk az id\u0151j\u00e1r\u00e1st tekintetbe v\u00e9ve.<\/b><\/div>\n<div><b>\u00a0<\/b><\/div>\n<div><span style=\"display:block;clear:both;height: 0px;padding-top: 20px;\"><\/span><\/div>\n<div>[singlepic id=11464 w=640 h=480 float=center]<\/div>\n<div><span style=\"display:block;clear:both;height: 0px;padding-top: 20px;\"><\/span><\/div>\n<div><b>\u00a0<\/b><\/div>\n<div><b>A m\u00faltheti t\u00far\u00e1val kapcsolatban, Kereszt\u00e9nyhavas.<\/b><\/div>\n<div>A t\u00far\u00e1t keddre szervezt\u00fck, de a r\u00f3sz id\u0151 miatt szerd\u00e1ra, 12-\u00e9re halasztottuk. J\u00f3l j\u00e1rtunk, mert eg\u00e9sz nap sz\u00e9p id\u0151ben volt r\u00e9sz\u00fcnk. Az es\u0151 csak k\u00e9s\u00e9 este j\u00f6tt meg.<\/div>\n<div>A\u00a0<b>Kereszt\u00e9nyhavas\u00a0<\/b>f\u0151 gerinc\u00e9n s\u00e9t\u00e1lgattunk a cs\u00facst\u00f3l indulva, kellemes id\u0151ben. A nagy meleg miatt, szoba sem j\u00f6hetett, hogy gyalog menj\u00fcnk fel. A felvon\u00f3 25 lej\u00e9rt vitt fel. \u00c1tlagban kev\u00e9s\u00a0<span class=\"il\">turista<\/span>, d\u00e9lut\u00e1n t\u00f6megesen j\u00f6ttek f\u00f6l.<\/div>\n<div>Medv\u00e9nek nyom\u00e1t-sem l\u00e1ttuk. Ha valaki medv\u00e9t akar l\u00e1tni, akkor menjen valamelyik\u00a0 erd\u00e9lyi v\u00e1rosban. A f\u0151gerinc, mindk\u00e9t oldal\u00e1n \u00e9s a cs\u00facs alatt szebbn\u00e9l szebb vir\u00e1gok t\u00fcnd\u00f6k\u00f6ltek. Sokszor j\u00e1rtunk ezen a gerincen, de ilyen sok vir\u00e1got nem l\u00e1ttunk.\u00a0 A hegyek, f\u0151leg a\u00a0<b>Bucsecs-hegys\u00e9g<\/b>\u00a0k\u00f6d\u00f6sen\u00a0 mutatkozott.<\/div>\n<div>Sok f\u00e9nyk\u00e9pet k\u00e9sz\u00edtett\u00fcnk, f\u0151leg a vir\u00e1gokr\u00f3l. A\u00a0<b>fot\u00f3 gal\u00e9ri\u00e1ban\u00a0<\/b>l\u00e1thatunk egy p\u00e1r fot\u00f3t..<\/div>\n<div><b>Fot\u00f3 gal\u00e9ria:<\/b><\/div>\n<div><span style=\"display:block;clear:both;height: 0px;padding-top: 20px;\"><\/span><\/div>\n<div>[nggallery id=933]<\/div>\n","protected":false},"excerpt":{"rendered":"<p>T\u00far\u00e1t legk\u00f6zelebb j\u00falius 22-\u00e9n szervez\u00fcnk az id\u0151j\u00e1r\u00e1st tekintetbe v\u00e9ve. \u00a0 [singlepic id=11464 w=640 h=480 float=center] \u00a0 A m\u00faltheti t\u00far\u00e1val kapcsolatban, Kereszt\u00e9nyhavas. A t\u00far\u00e1t keddre szervezt\u00fck, de a r\u00f3sz id\u0151 miatt szerd\u00e1ra, 12-\u00e9re halasztottuk. J\u00f3l j\u00e1rtunk, mert eg\u00e9sz nap sz\u00e9p id\u0151ben volt r\u00e9sz\u00fcnk. Az es\u0151 csak k\u00e9s\u00e9 este j\u00f6tt meg. A\u00a0Kereszt\u00e9nyhavas\u00a0f\u0151 gerinc\u00e9n s\u00e9t\u00e1lgattunk a cs\u00facst\u00f3l indulva, &hellip; <a href=\"https:\/\/brassoi-turista-egyesulet.eu\/?p=2330\" class=\"more-link\">Continue reading <span class=\"screen-reader-text\">2023 j\u00falius 22<\/span> <span class=\"meta-nav\">&rarr;<\/span><\/a><\/p>\n","protected":false},"author":1,"featured_media":0,"comment_status":"closed","ping_status":"closed","sticky":false,"template":"","format":"standard","meta":{"footnotes":""},"categories":[2],"tags":[],"class_list":["post-2330","post","type-post","status-publish","format-standard","hentry","category-turak"],"_links":{"self":[{"href":"https:\/\/brassoi-turista-egyesulet.eu\/index.php?rest_route=\/wp\/v2\/posts\/2330","targetHints":{"allow":["GET"]}}],"collection":[{"href":"https:\/\/brassoi-turista-egyesulet.eu\/index.php?rest_route=\/wp\/v2\/posts"}],"about":[{"href":"https:\/\/brassoi-turista-egyesulet.eu\/index.php?rest_route=\/wp\/v2\/types\/post"}],"author":[{"embeddable":true,"href":"https:\/\/brassoi-turista-egyesulet.eu\/index.php?rest_route=\/wp\/v2\/users\/1"}],"replies":[{"embeddable":true,"href":"https:\/\/brassoi-turista-egyesulet.eu\/index.php?rest_route=%2Fwp%2Fv2%2Fcomments&post=2330"}],"version-history":[{"count":2,"href":"https:\/\/brassoi-turista-egyesulet.eu\/index.php?rest_route=\/wp\/v2\/posts\/2330\/revisions"}],"predecessor-version":[{"id":2332,"href":"https:\/\/brassoi-turista-egyesulet.eu\/index.php?rest_route=\/wp\/v2\/posts\/2330\/revisions\/2332"}],"wp:attachment":[{"href":"https:\/\/brassoi-turista-egyesulet.eu\/index.php?rest_route=%2Fwp%2Fv2%2Fmedia&parent=2330"}],"wp:term":[{"taxonomy":"category","embeddable":true,"href":"https:\/\/brassoi-turista-egyesulet.eu\/index.php?rest_route=%2Fwp%2Fv2%2Fcategories&post=2330"},{"taxonomy":"post_tag","embeddable":true,"href":"https:\/\/brassoi-turista-egyesulet.eu\/index.php?rest_route=%2Fwp%2Fv2%2Ftags&post=2330"}],"curies":[{"name":"wp","href":"https:\/\/api.w.org\/{rel}","templated":true}]}}