{"id":2340,"date":"2023-08-16T20:48:57","date_gmt":"2023-08-16T17:48:57","guid":{"rendered":"http:\/\/brassoi-turista-egyesulet.eu\/?p=2340"},"modified":"2023-08-16T20:48:57","modified_gmt":"2023-08-16T17:48:57","slug":"2023-augusztus-18-25","status":"publish","type":"post","link":"https:\/\/brassoi-turista-egyesulet.eu\/?p=2340","title":{"rendered":"2023 augusztus 18 &#8211; 25"},"content":{"rendered":"<div><b>\u00a0<\/b><\/div>\n<div>Az augusztus\u00a0<b>5-\u00e9re\u00a0<\/b>javasolt, a 180 km.-re lev\u0151\u00a0<b>k\u0151gomba\u00a0<\/b>t\u00far\u00e1t,\u00a0<b>Bodzav\u00e1s\u00e1r\u00a0<\/b>k\u00f6zel\u00e9ben\u00a0a k\u00f6zbej\u00f6tt esem\u00e9ny miatt elhalasztottuk.<\/div>\n<div><b>T\u00far\u00e1t legk\u00f6zelebb augusztus 18-\u00e1n, vagy 25-\u00e9n szervez\u00fcnk az id\u0151j\u00e1r\u00e1st\u00f3l f\u00fcgg\u0151en.\u00a0<\/b><\/div>\n<div><b>\u00a0<\/b><\/div>\n<div><span style=\"display:block;clear:both;height: 0px;padding-top: 20px;\"><\/span><\/div>\n<div>[singlepic id=11515 w=640 h=480 float=center]<\/div>\n<div><span style=\"display:block;clear:both;height: 0px;padding-top: 20px;\"><\/span><\/div>\n<div>[singlepic id=11516 w=640 h=480 float=center]<\/div>\n<div><span style=\"display:block;clear:both;height: 0px;padding-top: 20px;\"><\/span><\/div>\n<div><b>\u00a0<\/b><\/div>\n<div><b>A m\u00faltheti t\u00far\u00e1val kapcsolatban: Kereszt\u00e9nyhavas. Pandella cs\u00facs.\u00a0<\/b><\/div>\n<div>El\u00f6lj\u00e1r\u00f3ban\u00a0<b>Orb\u00e1n Bal\u00e1zs\u00a0<\/b>\u00edr\u00e1s\u00e1b\u00f3l id\u00e9z\u00fcnk:<\/div>\n<div>&#8221;\u00a0<b>Muntye-la-Ruja. Ott a b\u00e9rcz\u00e9lnek keletre hajl\u00f3 tiszt\u00e1s\u00e1n fakad fel a t\u00f6m\u00f6si szoros fel\u00e9 let\u00f6rtet\u0151 Posztov\u00e1r-pataka, ennek mer\u00e9sz es\u00e9s\u0171 m\u00e9ly v\u00f6lgy\u00e9n t\u00fal emelkedik fel a Kereszt\u00e9nyhavasnak h\u00e1rom tet\u0151cs\u00facsa, a roppant Pa n d e l l a, mely csaknem t\u0171hegyesen l\u00f6vell fel, a k\u00f6z\u00e9pen lev\u0151 R u j a \u00e9s a mer\u00e9sz metszet\u0171 P o sz t o v \u00e1 r. &#8220;<\/b><\/div>\n<div>Mi a\u00a0<b>Pandella cs\u00facson\u00a0<\/b>kir\u00e1ndultunk.<\/div>\n<div>A cs\u00facs al\u00e1 \u00e9r fel a gondola, bal oldal mellett, egy kiss\u00e9 lejjebb\u00a0 lev\u0151\u00a0<b>YAGER\u00a0<\/b>turistah\u00e1z mell\u00e9.<\/div>\n<div>A\u00a0<b>Pandella\u00a0<\/b>\u00a0cs\u00facsra a\u00a0<b>Farkas-v\u00f6lgyb\u0151l\u00a0<\/b>is van felvon\u00f3.<\/div>\n<div>A cs\u00facson k\u00f6r- panor\u00e1m\u00e1ban lehetett gy\u00f6ny\u00f6rk\u00f6dni. A szikl\u00e1s cs\u00facson , a szikl\u00e1k k\u00f6z\u00f6tt \u00e9s a szikl\u00e1kon havasi vir\u00e1gok sokas\u00e1ga. Rengeteg\u00a0<span class=\"il\">turista<\/span>. Ilyen sok turist\u00e1val m\u00e9g nem tal\u00e1lkoztunk, ker\u00e9kp\u00e1rosok, gyalog turist\u00e1k, fel-le. Medv\u00e9t nem l\u00e1ttunk , de a nyom\u00e1t igen.<\/div>\n<div>Miut\u00e1n j\u00f3l kis\u00e9t\u00e1ltuk magunka, le ereszkedt\u00fck a\u00a0<b>Poj\u00e1n\u00e1ba\u00a0<\/b>\u00e9s a\u00a0<b>Fekete kecsk\u00e9ben<\/b>\u00a0megeb\u00e9delt\u00fcnk. Sz\u00e9p t\u00fara volt.\u00a0<b>A fot\u00f3 gal\u00e9ri\u00e1ban\u00a0<\/b>egy p\u00e1r felv\u00e9telt l\u00e1thatunk:<\/div>\n<div><b>Fot\u00f3 gal\u00e9ria:<\/b><\/div>\n<div><span style=\"display:block;clear:both;height: 0px;padding-top: 20px;\"><\/span><\/div>\n<div>[nggallery id=938]<\/div>\n","protected":false},"excerpt":{"rendered":"<p>\u00a0 Az augusztus\u00a05-\u00e9re\u00a0javasolt, a 180 km.-re lev\u0151\u00a0k\u0151gomba\u00a0t\u00far\u00e1t,\u00a0Bodzav\u00e1s\u00e1r\u00a0k\u00f6zel\u00e9ben\u00a0a k\u00f6zbej\u00f6tt esem\u00e9ny miatt elhalasztottuk. T\u00far\u00e1t legk\u00f6zelebb augusztus 18-\u00e1n, vagy 25-\u00e9n szervez\u00fcnk az id\u0151j\u00e1r\u00e1st\u00f3l f\u00fcgg\u0151en.\u00a0 \u00a0 [singlepic id=11515 w=640 h=480 float=center] [singlepic id=11516 w=640 h=480 float=center] \u00a0 A m\u00faltheti t\u00far\u00e1val kapcsolatban: Kereszt\u00e9nyhavas. Pandella cs\u00facs.\u00a0 El\u00f6lj\u00e1r\u00f3ban\u00a0Orb\u00e1n Bal\u00e1zs\u00a0\u00edr\u00e1s\u00e1b\u00f3l id\u00e9z\u00fcnk: &#8221;\u00a0Muntye-la-Ruja. Ott a b\u00e9rcz\u00e9lnek keletre hajl\u00f3 tiszt\u00e1s\u00e1n fakad fel a t\u00f6m\u00f6si szoros &hellip; <a href=\"https:\/\/brassoi-turista-egyesulet.eu\/?p=2340\" class=\"more-link\">Continue reading <span class=\"screen-reader-text\">2023 augusztus 18 &#8211; 25<\/span> <span class=\"meta-nav\">&rarr;<\/span><\/a><\/p>\n","protected":false},"author":1,"featured_media":0,"comment_status":"closed","ping_status":"closed","sticky":false,"template":"","format":"standard","meta":{"footnotes":""},"categories":[2],"tags":[],"class_list":["post-2340","post","type-post","status-publish","format-standard","hentry","category-turak"],"_links":{"self":[{"href":"https:\/\/brassoi-turista-egyesulet.eu\/index.php?rest_route=\/wp\/v2\/posts\/2340","targetHints":{"allow":["GET"]}}],"collection":[{"href":"https:\/\/brassoi-turista-egyesulet.eu\/index.php?rest_route=\/wp\/v2\/posts"}],"about":[{"href":"https:\/\/brassoi-turista-egyesulet.eu\/index.php?rest_route=\/wp\/v2\/types\/post"}],"author":[{"embeddable":true,"href":"https:\/\/brassoi-turista-egyesulet.eu\/index.php?rest_route=\/wp\/v2\/users\/1"}],"replies":[{"embeddable":true,"href":"https:\/\/brassoi-turista-egyesulet.eu\/index.php?rest_route=%2Fwp%2Fv2%2Fcomments&post=2340"}],"version-history":[{"count":1,"href":"https:\/\/brassoi-turista-egyesulet.eu\/index.php?rest_route=\/wp\/v2\/posts\/2340\/revisions"}],"predecessor-version":[{"id":2342,"href":"https:\/\/brassoi-turista-egyesulet.eu\/index.php?rest_route=\/wp\/v2\/posts\/2340\/revisions\/2342"}],"wp:attachment":[{"href":"https:\/\/brassoi-turista-egyesulet.eu\/index.php?rest_route=%2Fwp%2Fv2%2Fmedia&parent=2340"}],"wp:term":[{"taxonomy":"category","embeddable":true,"href":"https:\/\/brassoi-turista-egyesulet.eu\/index.php?rest_route=%2Fwp%2Fv2%2Fcategories&post=2340"},{"taxonomy":"post_tag","embeddable":true,"href":"https:\/\/brassoi-turista-egyesulet.eu\/index.php?rest_route=%2Fwp%2Fv2%2Ftags&post=2340"}],"curies":[{"name":"wp","href":"https:\/\/api.w.org\/{rel}","templated":true}]}}