{"id":2343,"date":"2023-08-30T21:03:02","date_gmt":"2023-08-30T18:03:02","guid":{"rendered":"http:\/\/brassoi-turista-egyesulet.eu\/?p=2343"},"modified":"2023-08-30T21:03:22","modified_gmt":"2023-08-30T18:03:22","slug":"2023-szeptember-9","status":"publish","type":"post","link":"https:\/\/brassoi-turista-egyesulet.eu\/?p=2343","title":{"rendered":"2023 szeptember 9"},"content":{"rendered":"<div>[singlepic id=11519 w=640 h=480 float=center]<\/div>\n<div><span style=\"display:block;clear:both;height: 0px;padding-top: 20px;\"><\/span><\/div>\n<div>[singlepic id=11518 w=640 h=480 float=center]<\/div>\n<div><span style=\"display:block;clear:both;height: 0px;padding-top: 20px;\"><\/span><\/div>\n<div><b>Augusztus 20-\u00e1n, Magyarorsz\u00e1gra figyelt\u00fcnk.<\/b><\/div>\n<div><b>\u00c1llam alap\u00edt\u00f3 Szent Istv\u00e1n kir\u00e1lyr\u00f3l eml\u00e9kezt\u00fcnk meg.\u00a0<\/b><\/div>\n<div><b>Az \u00faj keny\u00e9r \u00fcnnepe.\u00a0<\/b><\/div>\n<div><b>Este a gy\u00f6ny\u00f6r\u0171 t\u0171zij\u00e1t\u00e9kot is megn\u00e9zt\u00fck. Gratul\u00e1lunk a szervez\u0151knek.\u00a0<\/b><\/div>\n<div><b>ISTEN \u00c9LTESSEN, MAGYARORSZ\u00c1G!\u00a0<\/b><\/div>\n<div><b>\u00a0<\/b><\/div>\n<div>A tart\u00f3s nagy meleg miatt t\u00far\u00e1t a h\u00e9t folyam\u00e1n nem szervezt\u00fcnk.<\/div>\n<div>T\u00far\u00e1t legk\u00f6zelebb\u00a0<b>szeptember 9-\u00e9n szervez\u00fcnk.\u00a0<\/b>Ha nem lessz nagy h\u0151s\u00e9g.<\/div>\n","protected":false},"excerpt":{"rendered":"<p>[singlepic id=11519 w=640 h=480 float=center] [singlepic id=11518 w=640 h=480 float=center] Augusztus 20-\u00e1n, Magyarorsz\u00e1gra figyelt\u00fcnk. \u00c1llam alap\u00edt\u00f3 Szent Istv\u00e1n kir\u00e1lyr\u00f3l eml\u00e9kezt\u00fcnk meg.\u00a0 Az \u00faj keny\u00e9r \u00fcnnepe.\u00a0 Este a gy\u00f6ny\u00f6r\u0171 t\u0171zij\u00e1t\u00e9kot is megn\u00e9zt\u00fck. Gratul\u00e1lunk a szervez\u0151knek.\u00a0 ISTEN \u00c9LTESSEN, MAGYARORSZ\u00c1G!\u00a0 \u00a0 A tart\u00f3s nagy meleg miatt t\u00far\u00e1t a h\u00e9t folyam\u00e1n nem szervezt\u00fcnk. T\u00far\u00e1t legk\u00f6zelebb\u00a0szeptember 9-\u00e9n szervez\u00fcnk.\u00a0Ha nem lessz &hellip; <a href=\"https:\/\/brassoi-turista-egyesulet.eu\/?p=2343\" class=\"more-link\">Continue reading <span class=\"screen-reader-text\">2023 szeptember 9<\/span> <span class=\"meta-nav\">&rarr;<\/span><\/a><\/p>\n","protected":false},"author":1,"featured_media":0,"comment_status":"closed","ping_status":"closed","sticky":false,"template":"","format":"standard","meta":{"footnotes":""},"categories":[2],"tags":[],"class_list":["post-2343","post","type-post","status-publish","format-standard","hentry","category-turak"],"_links":{"self":[{"href":"https:\/\/brassoi-turista-egyesulet.eu\/index.php?rest_route=\/wp\/v2\/posts\/2343","targetHints":{"allow":["GET"]}}],"collection":[{"href":"https:\/\/brassoi-turista-egyesulet.eu\/index.php?rest_route=\/wp\/v2\/posts"}],"about":[{"href":"https:\/\/brassoi-turista-egyesulet.eu\/index.php?rest_route=\/wp\/v2\/types\/post"}],"author":[{"embeddable":true,"href":"https:\/\/brassoi-turista-egyesulet.eu\/index.php?rest_route=\/wp\/v2\/users\/1"}],"replies":[{"embeddable":true,"href":"https:\/\/brassoi-turista-egyesulet.eu\/index.php?rest_route=%2Fwp%2Fv2%2Fcomments&post=2343"}],"version-history":[{"count":2,"href":"https:\/\/brassoi-turista-egyesulet.eu\/index.php?rest_route=\/wp\/v2\/posts\/2343\/revisions"}],"predecessor-version":[{"id":2345,"href":"https:\/\/brassoi-turista-egyesulet.eu\/index.php?rest_route=\/wp\/v2\/posts\/2343\/revisions\/2345"}],"wp:attachment":[{"href":"https:\/\/brassoi-turista-egyesulet.eu\/index.php?rest_route=%2Fwp%2Fv2%2Fmedia&parent=2343"}],"wp:term":[{"taxonomy":"category","embeddable":true,"href":"https:\/\/brassoi-turista-egyesulet.eu\/index.php?rest_route=%2Fwp%2Fv2%2Fcategories&post=2343"},{"taxonomy":"post_tag","embeddable":true,"href":"https:\/\/brassoi-turista-egyesulet.eu\/index.php?rest_route=%2Fwp%2Fv2%2Ftags&post=2343"}],"curies":[{"name":"wp","href":"https:\/\/api.w.org\/{rel}","templated":true}]}}