{"id":2355,"date":"2023-09-28T20:28:07","date_gmt":"2023-09-28T17:28:07","guid":{"rendered":"http:\/\/brassoi-turista-egyesulet.eu\/?p=2355"},"modified":"2023-09-28T20:28:07","modified_gmt":"2023-09-28T17:28:07","slug":"2023-szeptember-30-a-tura-ervenyes","status":"publish","type":"post","link":"https:\/\/brassoi-turista-egyesulet.eu\/?p=2355","title":{"rendered":"2023 szeptember 30. A t\u00fara \u00e9rv\u00e9nyes."},"content":{"rendered":"<p>&nbsp;<\/p>\n<div>[singlepic id=11634 w=640 h=480 float=center]<\/div>\n<div><span style=\"display:block;clear:both;height: 0px;padding-top: 20px;\"><\/span><\/div>\n<div>\n<div>[singlepic id=11635 w=640 h=480 float=center]<\/div>\n<div><span style=\"display:block;clear:both;height: 0px;padding-top: 20px;\"><\/span><\/div>\n<\/div>\n<div><\/div>\n<div>A m\u00falth\u00e9ten, szombatra der\u00fclt, sz\u00e9p id\u0151 k\u00f6sz\u00f6nt\u00f6tt be.<\/div>\n<div>Tud\u00f3m\u00e1sunkra jutott, hogy szeptemberben \u00fajra kinyitj\u00e1k a\u00a0<b>Fellegv\u00e1rat.\u00a0<\/b>Hamar d\u00f6nt\u00f6tt\u00fcnk, akkor megy\u00fcnk \u00e9s megl\u00e1togatjuk a v\u00e1rat.<\/div>\n<div>A v\u00e1rban, az elm\u00falt \u00e9vek sor\u00e1n sokszor j\u00e1rtunk. Sok l\u00e1tnival\u00f3 nincsen, de az\u00e9rt \u00e9rdemes megl\u00e1togatni. A v\u00e1r mindig nyitva volt.\u00a0 A\u00a0<b>fot\u00f3 gal\u00e9ri\u00e1ban\u00a0<\/b>k\u00f6zl\u00fcnk egy p\u00e1r felv\u00e9telt.<\/div>\n<div>Nagyon sokan j\u00f6ttek f\u00f6l a meredek hegyoldalon annak a rem\u00e9ny\u00e9ben, hogy a v\u00e1rat nyitva tal\u00e1lj\u00e1k. Mindenki csal\u00f3dott.\u00a0<b>A v\u00e1r z\u00e1rva!<\/b>\u00a0<b>Csak egy p\u00e1r napig volt nyitva a h\u00f3nap k\u00f6zep\u00e9n. Ekkora hazugs\u00e1got!?<\/b><\/div>\n<div>A v\u00e1rat ezek szerint, csak k\u00edv\u00fclr\u0151l j\u00e1rtuk k\u00f6r\u00fcl.<\/div>\n<div>A v\u00e1rat\u00a0<b>Brass\u00f3\u00a0<\/b>v\u00e9delm\u00e9re \u00e9p\u00edtett\u00e9k. \u00c9rdekess\u00e9ge, hogy az \u00e9p\u00edtkez\u00e9shez csak t\u00e9gl\u00e1t alkalmaztak. A t\u00e9gla v\u00e1rfalak levoltak vakolva, de az id\u0151k folyam\u00e1n a vakolat lehullott, m\u00e9g most is hullik. A v\u00e1rosra sz\u00e9p r\u00e1l\u00e1t\u00e1s ny\u00edlik. a\u00a0<b>fot\u00f3 gal\u00e9ri\u00e1ban\u00a0<\/b>l\u00e1thassuk.<\/div>\n<div>Vas\u00e1rnap tov\u00e1bb tartott a sz\u00e9p &#8211; napos id\u0151.<\/div>\n<div>Volt aki a temploman ment, de a ker\u00e9kp\u00e1r t\u00far\u00e1k \u00e9s a v\u00e1rt\u00far\u00e1k sem maradtak el.<\/div>\n<div><\/div>\n<div><b>Fot\u00f3 gal\u00e9ria:\u00a0a v\u00e1r bel\u00fclr\u0151l:<\/b><\/div>\n<div><\/div>\n<div><span style=\"display:block;clear:both;height: 0px;padding-top: 20px;\"><\/span><\/div>\n<div>[nggallery id=948]<\/div>\n<div><span style=\"display:block;clear:both;height: 0px;padding-top: 20px;\"><\/span><\/div>\n<div><\/div>\n<div><b>Fot\u00f3 gal\u00e9ria: a v\u00e1r k\u00f6r\u00fcl:<\/b><\/div>\n<div><\/div>\n<div>\n<div><span style=\"display:block;clear:both;height: 0px;padding-top: 20px;\"><\/span><\/div>\n<div>[nggallery id=949]<\/div>\n<div><span style=\"display:block;clear:both;height: 0px;padding-top: 20px;\"><\/span><\/div>\n<\/div>\n","protected":false},"excerpt":{"rendered":"<p>&nbsp; [singlepic id=11634 w=640 h=480 float=center] [singlepic id=11635 w=640 h=480 float=center] A m\u00falth\u00e9ten, szombatra der\u00fclt, sz\u00e9p id\u0151 k\u00f6sz\u00f6nt\u00f6tt be. Tud\u00f3m\u00e1sunkra jutott, hogy szeptemberben \u00fajra kinyitj\u00e1k a\u00a0Fellegv\u00e1rat.\u00a0Hamar d\u00f6nt\u00f6tt\u00fcnk, akkor megy\u00fcnk \u00e9s megl\u00e1togatjuk a v\u00e1rat. A v\u00e1rban, az elm\u00falt \u00e9vek sor\u00e1n sokszor j\u00e1rtunk. Sok l\u00e1tnival\u00f3 nincsen, de az\u00e9rt \u00e9rdemes megl\u00e1togatni. A v\u00e1r mindig nyitva volt.\u00a0 A\u00a0fot\u00f3 gal\u00e9ri\u00e1ban\u00a0k\u00f6zl\u00fcnk &hellip; <a href=\"https:\/\/brassoi-turista-egyesulet.eu\/?p=2355\" class=\"more-link\">Continue reading <span class=\"screen-reader-text\">2023 szeptember 30. A t\u00fara \u00e9rv\u00e9nyes.<\/span> <span class=\"meta-nav\">&rarr;<\/span><\/a><\/p>\n","protected":false},"author":1,"featured_media":0,"comment_status":"closed","ping_status":"closed","sticky":false,"template":"","format":"standard","meta":{"footnotes":""},"categories":[2],"tags":[],"class_list":["post-2355","post","type-post","status-publish","format-standard","hentry","category-turak"],"_links":{"self":[{"href":"https:\/\/brassoi-turista-egyesulet.eu\/index.php?rest_route=\/wp\/v2\/posts\/2355","targetHints":{"allow":["GET"]}}],"collection":[{"href":"https:\/\/brassoi-turista-egyesulet.eu\/index.php?rest_route=\/wp\/v2\/posts"}],"about":[{"href":"https:\/\/brassoi-turista-egyesulet.eu\/index.php?rest_route=\/wp\/v2\/types\/post"}],"author":[{"embeddable":true,"href":"https:\/\/brassoi-turista-egyesulet.eu\/index.php?rest_route=\/wp\/v2\/users\/1"}],"replies":[{"embeddable":true,"href":"https:\/\/brassoi-turista-egyesulet.eu\/index.php?rest_route=%2Fwp%2Fv2%2Fcomments&post=2355"}],"version-history":[{"count":1,"href":"https:\/\/brassoi-turista-egyesulet.eu\/index.php?rest_route=\/wp\/v2\/posts\/2355\/revisions"}],"predecessor-version":[{"id":2356,"href":"https:\/\/brassoi-turista-egyesulet.eu\/index.php?rest_route=\/wp\/v2\/posts\/2355\/revisions\/2356"}],"wp:attachment":[{"href":"https:\/\/brassoi-turista-egyesulet.eu\/index.php?rest_route=%2Fwp%2Fv2%2Fmedia&parent=2355"}],"wp:term":[{"taxonomy":"category","embeddable":true,"href":"https:\/\/brassoi-turista-egyesulet.eu\/index.php?rest_route=%2Fwp%2Fv2%2Fcategories&post=2355"},{"taxonomy":"post_tag","embeddable":true,"href":"https:\/\/brassoi-turista-egyesulet.eu\/index.php?rest_route=%2Fwp%2Fv2%2Ftags&post=2355"}],"curies":[{"name":"wp","href":"https:\/\/api.w.org\/{rel}","templated":true}]}}