{"id":2362,"date":"2023-10-11T21:15:49","date_gmt":"2023-10-11T18:15:49","guid":{"rendered":"http:\/\/brassoi-turista-egyesulet.eu\/?p=2362"},"modified":"2023-10-11T21:20:15","modified_gmt":"2023-10-11T18:20:15","slug":"2023-oktober-14","status":"publish","type":"post","link":"https:\/\/brassoi-turista-egyesulet.eu\/?p=2362","title":{"rendered":"2023 okt\u00f3ber 14"},"content":{"rendered":"<p><b>\u00a0<\/b><b>A k\u00f6vetkez\u0151 t\u00far\u00e1t okt\u00f3ber 14-\u00e9n, szombaton szervezz\u00fck.<br \/>\n<\/b><\/p>\n<div><span style=\"display:block;clear:both;height: 0px;padding-top: 20px;\"><\/span><\/div>\n<div>[singlepic id=11697 w=640 h=480 float=center]<\/div>\n<div><span style=\"display:block;clear:both;height: 0px;padding-top: 20px;\"><\/span><\/div>\n<div><b>\u00a0<\/b><\/div>\n<div><b>El\u00f6lj\u00e1r\u00f3ban, az 1849 okt\u00f3ber 6.\u00a0<\/b><\/div>\n<div><b>Okt\u00f3ber 6-\u00e1n az Aradi V\u00e9rtanuk Eml\u00e9knapj\u00e1n a kiv\u00e9gzett tizenh\u00e1rom h\u0151s\u00f6kr\u0151l eml\u00e9kezt\u00fcnk meg.<\/b><\/div>\n<div><b>\u00a02013-ban- a h\u0151s\u00f6k eml\u00e9k\u00e9re Sepsiszentgy\u00f6rgy\u00f6n tizenh\u00e1rom kopjaf\u00e1t \u00e1ll\u00edtottak fel.<\/b><\/div>\n<div><\/div>\n<div><b>A m\u00faltkori t\u00far\u00e1kkal kapcsolatban:\u00a0<\/b><\/div>\n<div><b>&#8211; Szombat: Pestera &#8211; Barlang telep\u00fcl\u00e9s, Magura.\u00a0<\/b><\/div>\n<div><b>\u00a0-Vas\u00e1rnap: K\u00fcrt\u0151skal\u00e1cs fesztiv\u00e1l Sepsiszentgy\u00f6rgy\u00f6n.\u00a0<\/b><\/div>\n<div>\n<div><span style=\"display:block;clear:both;height: 0px;padding-top: 20px;\"><\/span><\/div>\n<div>[singlepic id=11698 w=640 h=480 float=center]<\/div>\n<div><span style=\"display:block;clear:both;height: 0px;padding-top: 20px;\"><\/span><\/div>\n<\/div>\n<div><b>\u00a0<\/b><\/div>\n<div><b>&#8211; A Barlang telep\u00fcl\u00e9s, Magura:<\/b><\/div>\n<div><b>\u00a0<\/b>A\u00a0<b>Barlang telep\u00fcl\u00e9sen \u00e9s a Magur\u00e1n\u00a0<\/b>minden \u00e9vben legal\u00e1bb egyszer ell\u00e1togatunk.<\/div>\n<div>A barlangba m\u00e1r t\u00f6bbsz\u00f6r j\u00e1rtunk. Most a ragyog\u00f3 sz\u00e9p id\u0151ben a magaslaton l\u00e9v\u0151 templom hoz kapaszkodtunk fel. Inn\u00e9t gy\u00f6ny\u00f6r\u0171 k\u00f6r panor\u00e1ma t\u00e1rul el\u00e9nk. Egy kiss\u00e9 tov\u00e1bb leereszkedve a\u00a0<b>Magura\u00a0<\/b>cs\u00facs alatti hegyoldal sz\u00e9p l\u00e1tv\u00e1ny\u00e1t l\u00e1ttuk. T\u00f6bbsz\u00f6r l\u00e1ttuk a cs\u00facs\u00a0 szikl\u00e1it, a\u00a0<b>fot\u00f3 gal\u00e9ri\u00e1ban\u00a0<\/b>l\u00e1thatunk egy p\u00e1r felv\u00e9telt.<\/div>\n<div>A templomt\u00f3l a\u00a0<b>Kir\u00e1lyk\u0151\u00a0<\/b>hossz\u00fa\u00a0 hegy vonulata pomp\u00e1san ragyogott a naps\u00fct\u00e9sben. A\u00a0 legmagasabb cs\u00facs a\u00a0<b>2238 m. P\u00e1sztor cs\u00facs.\u00a0<\/b>Rom\u00e1nul:\u00a0<b>La Om.<\/b><\/div>\n<div><b>Fot\u00f3 gal\u00e9ria. A Kir\u00e1lyk\u0151 \u00e9s k\u00f6rny\u00e9ke:<\/b><\/div>\n<div><span style=\"display:block;clear:both;height: 0px;padding-top: 20px;\"><\/span><\/div>\n<div>[nggallery id=953]<\/div>\n<div><span style=\"display:block;clear:both;height: 0px;padding-top: 20px;\"><\/span><\/div>\n<div><b>\u00a0<\/b><\/div>\n<div><b>Fot\u00f3 gal\u00e9ria. A Magura szikl\u00e1i.\u00a0<\/b>Kor\u00e1bbi felv\u00e9telek:<\/div>\n<div><span style=\"display:block;clear:both;height: 0px;padding-top: 20px;\"><\/span><\/div>\n<div>[nggallery id=954]<\/div>\n<div><span style=\"display:block;clear:both;height: 0px;padding-top: 20px;\"><\/span><\/div>\n<div><\/div>\n<div>\n<div><span style=\"display:block;clear:both;height: 0px;padding-top: 20px;\"><\/span><\/div>\n<div>[singlepic id=11699 w=640 h=480 float=center]<\/div>\n<div><span style=\"display:block;clear:both;height: 0px;padding-top: 20px;\"><\/span><\/div>\n<\/div>\n<div><\/div>\n<div><b>&#8211; K\u00fcrt\u0151skal\u00e1cs Fesztiv\u00e1l: Sepsiszentgy\u00f6rgy.<\/b><\/div>\n<div>A k\u00f6szpontban megrendezett k\u00fcrt\u00f6skal\u00e1cs \u00e9s l\u00e1ngos v\u00e1s\u00e1rl\u00e1sra nagy volt az \u00e9rdekl\u0151d\u00e9s.<\/div>\n<div>A rengeteg \u00e9rdekl\u0151d\u0151 hossz\u00fa sorokban, t\u00fcrelmesen v\u00e1rakoztak.<\/div>\n<div>Mindenfel\u00e9 fogyasztott\u00e1k, f\u0151leg a\u00a0 l\u00e1ngost.<\/div>\n<div><b>fot\u00f3 gal\u00e9ria:<\/b><\/div>\n<div><span style=\"display:block;clear:both;height: 0px;padding-top: 20px;\"><\/span><\/div>\n<div>[nggallery id=955]<\/div>\n<div><span style=\"display:block;clear:both;height: 0px;padding-top: 20px;\"><\/span><\/div>\n<div><\/div>\n","protected":false},"excerpt":{"rendered":"<p>\u00a0A k\u00f6vetkez\u0151 t\u00far\u00e1t okt\u00f3ber 14-\u00e9n, szombaton szervezz\u00fck. [singlepic id=11697 w=640 h=480 float=center] \u00a0 El\u00f6lj\u00e1r\u00f3ban, az 1849 okt\u00f3ber 6.\u00a0 Okt\u00f3ber 6-\u00e1n az Aradi V\u00e9rtanuk Eml\u00e9knapj\u00e1n a kiv\u00e9gzett tizenh\u00e1rom h\u0151s\u00f6kr\u0151l eml\u00e9kezt\u00fcnk meg. \u00a02013-ban- a h\u0151s\u00f6k eml\u00e9k\u00e9re Sepsiszentgy\u00f6rgy\u00f6n tizenh\u00e1rom kopjaf\u00e1t \u00e1ll\u00edtottak fel. A m\u00faltkori t\u00far\u00e1kkal kapcsolatban:\u00a0 &#8211; Szombat: Pestera &#8211; Barlang telep\u00fcl\u00e9s, Magura.\u00a0 \u00a0-Vas\u00e1rnap: K\u00fcrt\u0151skal\u00e1cs fesztiv\u00e1l Sepsiszentgy\u00f6rgy\u00f6n.\u00a0 [singlepic &hellip; <a href=\"https:\/\/brassoi-turista-egyesulet.eu\/?p=2362\" class=\"more-link\">Continue reading <span class=\"screen-reader-text\">2023 okt\u00f3ber 14<\/span> <span class=\"meta-nav\">&rarr;<\/span><\/a><\/p>\n","protected":false},"author":1,"featured_media":0,"comment_status":"closed","ping_status":"closed","sticky":false,"template":"","format":"standard","meta":{"footnotes":""},"categories":[2],"tags":[],"class_list":["post-2362","post","type-post","status-publish","format-standard","hentry","category-turak"],"_links":{"self":[{"href":"https:\/\/brassoi-turista-egyesulet.eu\/index.php?rest_route=\/wp\/v2\/posts\/2362","targetHints":{"allow":["GET"]}}],"collection":[{"href":"https:\/\/brassoi-turista-egyesulet.eu\/index.php?rest_route=\/wp\/v2\/posts"}],"about":[{"href":"https:\/\/brassoi-turista-egyesulet.eu\/index.php?rest_route=\/wp\/v2\/types\/post"}],"author":[{"embeddable":true,"href":"https:\/\/brassoi-turista-egyesulet.eu\/index.php?rest_route=\/wp\/v2\/users\/1"}],"replies":[{"embeddable":true,"href":"https:\/\/brassoi-turista-egyesulet.eu\/index.php?rest_route=%2Fwp%2Fv2%2Fcomments&post=2362"}],"version-history":[{"count":3,"href":"https:\/\/brassoi-turista-egyesulet.eu\/index.php?rest_route=\/wp\/v2\/posts\/2362\/revisions"}],"predecessor-version":[{"id":2365,"href":"https:\/\/brassoi-turista-egyesulet.eu\/index.php?rest_route=\/wp\/v2\/posts\/2362\/revisions\/2365"}],"wp:attachment":[{"href":"https:\/\/brassoi-turista-egyesulet.eu\/index.php?rest_route=%2Fwp%2Fv2%2Fmedia&parent=2362"}],"wp:term":[{"taxonomy":"category","embeddable":true,"href":"https:\/\/brassoi-turista-egyesulet.eu\/index.php?rest_route=%2Fwp%2Fv2%2Fcategories&post=2362"},{"taxonomy":"post_tag","embeddable":true,"href":"https:\/\/brassoi-turista-egyesulet.eu\/index.php?rest_route=%2Fwp%2Fv2%2Ftags&post=2362"}],"curies":[{"name":"wp","href":"https:\/\/api.w.org\/{rel}","templated":true}]}}