{"id":2366,"date":"2023-10-18T21:44:06","date_gmt":"2023-10-18T18:44:06","guid":{"rendered":"http:\/\/brassoi-turista-egyesulet.eu\/?p=2366"},"modified":"2023-10-18T21:44:06","modified_gmt":"2023-10-18T18:44:06","slug":"2023-oktober-21-28","status":"publish","type":"post","link":"https:\/\/brassoi-turista-egyesulet.eu\/?p=2366","title":{"rendered":"2023 okt\u00f3ber 21 &#8211; 28"},"content":{"rendered":"<div><b>\u00a0<\/b><\/div>\n<div><b>A k\u00f6vetkez\u0151 t\u00far\u00e1t okt\u00f3ber 21-\u00e9n, vagy 28-\u00e1n szervezz\u00fck az id\u0151j\u00e1r\u00e1s f\u00fcggv\u00e9ny\u00e9ben.<\/b><\/div>\n<div><b>\u00a0<\/b><\/div>\n<div>\n<div><span style=\"display:block;clear:both;height: 0px;padding-top: 20px;\"><\/span><\/div>\n<div>[singlepic id=11736 w=640 h=480 float=center]<\/div>\n<div><span style=\"display:block;clear:both;height: 0px;padding-top: 20px;\"><\/span><\/div>\n<div><\/div>\n<\/div>\n<div><b>A m\u00faltheti t\u00far\u00e1val kapcsolatban T\u00d6RCSV\u00c1R. A V\u00c1RKAST\u00c9LY.\u00a0\u00a0<\/b><\/div>\n<div>Egy j\u00f3 p\u00e1r \u00e9ve j\u00e1rtunk utolj\u00e1ra\u00a0<b>T\u00f6rcsv\u00e1ron a v\u00e1rkast\u00e9lyban.\u00a0<\/b><\/div>\n<div>Elhat\u00e1roztuk, hogy szombaton ezt a\u00a0 sz\u00e9p kast\u00e9lyt l\u00e1togassuk meg.<\/div>\n<div>Rengeteg\u00a0<span class=\"il\">turista<\/span>, a bel\u00e9p\u0151 nyugd\u00edjasoknak 45 lej.<\/div>\n<div>Ez a l\u00e1tv\u00e1nyos &#8211; sz\u00e9p kast\u00e9ly a k\u00f6z\u00e9pkorb\u00f3l sz\u00e1rmazik,\u00a0 a\u00a0<b>T\u00f6rcsv\u00e1ri- szoros\u00a0<\/b>bej\u00e1rat\u00e1n\u00e1l egy\u00a0<b>100 m. magas szikl\u00e1n.\u00a0<\/b><\/div>\n<div>A kast\u00e9lyt t\u00f6bben is uralt\u00e1k, erre most nem t\u00e9r\u00fcnk ki.<\/div>\n<div>Miut\u00e1n bej\u00e1rtuk a l\u00e1tv\u00e1nyos szob\u00e1it, a v\u00e1r parkj\u00e1ban s\u00e9t\u00e1lgattunk, ahonn\u00e9t a szikl\u00e1n \u00e1ll\u00f3 v\u00e1r t\u00f6bb oldal\u00e1t is l\u00e1thattuk.<\/div>\n<div>Sok f\u00e9nyk\u00e9pet k\u00e9sz\u00edtett\u00fcnk, a\u00a0<b>fot\u00f3 gal\u00e9ri\u00e1ban\u00a0<\/b>k\u00f6zl\u00fcnk egy p\u00e1rat.<\/div>\n<div><b>Fot\u00f3 gal\u00e9ria, a kast\u00e9ly szob\u00e1i, udvara, emeletei:<\/b><\/div>\n<div><\/div>\n<div><span style=\"display:block;clear:both;height: 0px;padding-top: 20px;\"><\/span><\/div>\n<div>[nggallery id=957]<\/div>\n<div><span style=\"display:block;clear:both;height: 0px;padding-top: 20px;\"><\/span><\/div>\n<div><\/div>\n<div><\/div>\n<div><b>\u00a0Fot\u00f3 gal\u00e9ria, a kast\u00e9ly parkja:\u00a0 \u00a0<\/b><\/div>\n<div><\/div>\n<div>\n<div><span style=\"display:block;clear:both;height: 0px;padding-top: 20px;\"><\/span><\/div>\n<div>[nggallery id=958]<\/div>\n<div><span style=\"display:block;clear:both;height: 0px;padding-top: 20px;\"><\/span><\/div>\n<\/div>\n","protected":false},"excerpt":{"rendered":"<p>\u00a0 A k\u00f6vetkez\u0151 t\u00far\u00e1t okt\u00f3ber 21-\u00e9n, vagy 28-\u00e1n szervezz\u00fck az id\u0151j\u00e1r\u00e1s f\u00fcggv\u00e9ny\u00e9ben. \u00a0 [singlepic id=11736 w=640 h=480 float=center] A m\u00faltheti t\u00far\u00e1val kapcsolatban T\u00d6RCSV\u00c1R. A V\u00c1RKAST\u00c9LY.\u00a0\u00a0 Egy j\u00f3 p\u00e1r \u00e9ve j\u00e1rtunk utolj\u00e1ra\u00a0T\u00f6rcsv\u00e1ron a v\u00e1rkast\u00e9lyban.\u00a0 Elhat\u00e1roztuk, hogy szombaton ezt a\u00a0 sz\u00e9p kast\u00e9lyt l\u00e1togassuk meg. Rengeteg\u00a0turista, a bel\u00e9p\u0151 nyugd\u00edjasoknak 45 lej. Ez a l\u00e1tv\u00e1nyos &#8211; sz\u00e9p kast\u00e9ly a &hellip; <a href=\"https:\/\/brassoi-turista-egyesulet.eu\/?p=2366\" class=\"more-link\">Continue reading <span class=\"screen-reader-text\">2023 okt\u00f3ber 21 &#8211; 28<\/span> <span class=\"meta-nav\">&rarr;<\/span><\/a><\/p>\n","protected":false},"author":1,"featured_media":0,"comment_status":"closed","ping_status":"closed","sticky":false,"template":"","format":"standard","meta":{"footnotes":""},"categories":[2],"tags":[],"class_list":["post-2366","post","type-post","status-publish","format-standard","hentry","category-turak"],"_links":{"self":[{"href":"https:\/\/brassoi-turista-egyesulet.eu\/index.php?rest_route=\/wp\/v2\/posts\/2366","targetHints":{"allow":["GET"]}}],"collection":[{"href":"https:\/\/brassoi-turista-egyesulet.eu\/index.php?rest_route=\/wp\/v2\/posts"}],"about":[{"href":"https:\/\/brassoi-turista-egyesulet.eu\/index.php?rest_route=\/wp\/v2\/types\/post"}],"author":[{"embeddable":true,"href":"https:\/\/brassoi-turista-egyesulet.eu\/index.php?rest_route=\/wp\/v2\/users\/1"}],"replies":[{"embeddable":true,"href":"https:\/\/brassoi-turista-egyesulet.eu\/index.php?rest_route=%2Fwp%2Fv2%2Fcomments&post=2366"}],"version-history":[{"count":1,"href":"https:\/\/brassoi-turista-egyesulet.eu\/index.php?rest_route=\/wp\/v2\/posts\/2366\/revisions"}],"predecessor-version":[{"id":2367,"href":"https:\/\/brassoi-turista-egyesulet.eu\/index.php?rest_route=\/wp\/v2\/posts\/2366\/revisions\/2367"}],"wp:attachment":[{"href":"https:\/\/brassoi-turista-egyesulet.eu\/index.php?rest_route=%2Fwp%2Fv2%2Fmedia&parent=2366"}],"wp:term":[{"taxonomy":"category","embeddable":true,"href":"https:\/\/brassoi-turista-egyesulet.eu\/index.php?rest_route=%2Fwp%2Fv2%2Fcategories&post=2366"},{"taxonomy":"post_tag","embeddable":true,"href":"https:\/\/brassoi-turista-egyesulet.eu\/index.php?rest_route=%2Fwp%2Fv2%2Ftags&post=2366"}],"curies":[{"name":"wp","href":"https:\/\/api.w.org\/{rel}","templated":true}]}}