{"id":2370,"date":"2023-11-08T21:05:24","date_gmt":"2023-11-08T18:05:24","guid":{"rendered":"http:\/\/brassoi-turista-egyesulet.eu\/?p=2370"},"modified":"2023-11-08T21:05:59","modified_gmt":"2023-11-08T18:05:59","slug":"2023-november-11","status":"publish","type":"post","link":"https:\/\/brassoi-turista-egyesulet.eu\/?p=2370","title":{"rendered":"2023 november 11"},"content":{"rendered":"<div><b>\u00a0A m\u00falth\u00e9ten, halottak napj\u00e1n elhunyt szeretteinkre, rokonainkra, kedvelt elhunyt\u00a0 ismer\u0151seinkr\u0151l eml\u00e9kezt\u00fcnk meg.\u00a0 \u00a0<\/b><\/div>\n<div><b>\u00a0<\/b><\/div>\n<div><b>\u00a0<\/b><\/div>\n<div><b>A m\u00falth\u00e9t 4-k\u00e9re szervezett t\u00far\u00e1t az eg\u00e9sznapos nagy es\u0151 miatt elmaradt.\u00a0<\/b><\/div>\n<div><b>legk\u00f6zelebb 11-\u00e9n szervez\u00fcnk t\u00far\u00e1t. Rem\u00e9lj\u00fck, hogy nem lesz es\u0151.<\/b><\/div>\n<div><b>\u00a0<\/b><\/div>\n<div><span style=\"display:block;clear:both;height: 0px;padding-top: 20px;\"><\/span><\/div>\n<div>[singlepic id=11780]<\/div>\n<div><span style=\"display:block;clear:both;height: 0px;padding-top: 20px;\"><\/span><\/div>\n<div><b>\u00a0<\/b><\/div>\n<div><b>A m\u00faltheti t\u00far\u00e1val kapcsolatban: A Wart\u00e9.\u00a0<\/b><\/div>\n<div>A szombati es\u0151z\u00e9s ut\u00e1n vas\u00e1rnap k\u00e9s\u0151 este kezdett esni.<\/div>\n<div>M\u00e1snap, vas\u00e1rnap\u00a0 egy r\u00f6vid t\u00far\u00e1t szervezt\u00fcnk, a\u00a0<b>Wart\u00e9rt\u0151l\u00a0<\/b>kb. h\u00e1rom km. lev\u0151\u00a0<b>K\u00e1poln\u00e1s\u00a0<\/b>kil\u00e1t\u00f3hoz. Az id\u0151j\u00e1r\u00e1s eg\u00e9sz nap borongott, de es\u0151 nem lett.<\/div>\n<div>A poj\u00e1nai \u00faton\u00a0 ker\u00e9kp\u00e1r verseny volt, de ez minket nem zavart.<\/div>\n<div>A\u00a0<b>Cenk-hegyre \u00e9s az alatta a m\u00e9lyben fekv\u0151 v\u00e1rosra sz\u00e9p l\u00e1tv\u00e1ny volt.\u00a0<\/b>A kil\u00e1t\u00f3 sz\u00e9l\u00e9n padok v\u00e1rt\u00e1k a turist\u00e1kat, j\u00f6ttek is el\u00e9g sokan.<\/div>\n<div>A kil\u00e1t\u00f3hoz\u00a0 az \u0151szben \u00f6lt\u00f6z\u00f6tt erd\u0151k ment\u00e9n haladtunk. Sok f\u00e9nyk\u00e9pet k\u00e9sz\u00edtett\u00fcnk.\u00a0 \u00a0 \u00a0 \u00a0 \u00a0 A\u00a0<b>fot\u00f3 gal\u00e9ri\u00e1ban\u00a0<\/b>l\u00e1thatunk egy p\u00e1r v\u00e1logat\u00e1st.<\/div>\n<div><b>Fot\u00f3 gal\u00e9ria:<\/b><\/div>\n<div><span style=\"display:block;clear:both;height: 0px;padding-top: 20px;\"><\/span><\/div>\n<div>[nggallery id=962]<\/div>\n","protected":false},"excerpt":{"rendered":"<p>\u00a0A m\u00falth\u00e9ten, halottak napj\u00e1n elhunyt szeretteinkre, rokonainkra, kedvelt elhunyt\u00a0 ismer\u0151seinkr\u0151l eml\u00e9kezt\u00fcnk meg.\u00a0 \u00a0 \u00a0 \u00a0 A m\u00falth\u00e9t 4-k\u00e9re szervezett t\u00far\u00e1t az eg\u00e9sznapos nagy es\u0151 miatt elmaradt.\u00a0 legk\u00f6zelebb 11-\u00e9n szervez\u00fcnk t\u00far\u00e1t. Rem\u00e9lj\u00fck, hogy nem lesz es\u0151. \u00a0 [singlepic id=11780] \u00a0 A m\u00faltheti t\u00far\u00e1val kapcsolatban: A Wart\u00e9.\u00a0 A szombati es\u0151z\u00e9s ut\u00e1n vas\u00e1rnap k\u00e9s\u0151 este kezdett esni. M\u00e1snap, &hellip; <a href=\"https:\/\/brassoi-turista-egyesulet.eu\/?p=2370\" class=\"more-link\">Continue reading <span class=\"screen-reader-text\">2023 november 11<\/span> <span class=\"meta-nav\">&rarr;<\/span><\/a><\/p>\n","protected":false},"author":1,"featured_media":0,"comment_status":"closed","ping_status":"closed","sticky":false,"template":"","format":"standard","meta":{"footnotes":""},"categories":[2],"tags":[],"class_list":["post-2370","post","type-post","status-publish","format-standard","hentry","category-turak"],"_links":{"self":[{"href":"https:\/\/brassoi-turista-egyesulet.eu\/index.php?rest_route=\/wp\/v2\/posts\/2370","targetHints":{"allow":["GET"]}}],"collection":[{"href":"https:\/\/brassoi-turista-egyesulet.eu\/index.php?rest_route=\/wp\/v2\/posts"}],"about":[{"href":"https:\/\/brassoi-turista-egyesulet.eu\/index.php?rest_route=\/wp\/v2\/types\/post"}],"author":[{"embeddable":true,"href":"https:\/\/brassoi-turista-egyesulet.eu\/index.php?rest_route=\/wp\/v2\/users\/1"}],"replies":[{"embeddable":true,"href":"https:\/\/brassoi-turista-egyesulet.eu\/index.php?rest_route=%2Fwp%2Fv2%2Fcomments&post=2370"}],"version-history":[{"count":2,"href":"https:\/\/brassoi-turista-egyesulet.eu\/index.php?rest_route=\/wp\/v2\/posts\/2370\/revisions"}],"predecessor-version":[{"id":2372,"href":"https:\/\/brassoi-turista-egyesulet.eu\/index.php?rest_route=\/wp\/v2\/posts\/2370\/revisions\/2372"}],"wp:attachment":[{"href":"https:\/\/brassoi-turista-egyesulet.eu\/index.php?rest_route=%2Fwp%2Fv2%2Fmedia&parent=2370"}],"wp:term":[{"taxonomy":"category","embeddable":true,"href":"https:\/\/brassoi-turista-egyesulet.eu\/index.php?rest_route=%2Fwp%2Fv2%2Fcategories&post=2370"},{"taxonomy":"post_tag","embeddable":true,"href":"https:\/\/brassoi-turista-egyesulet.eu\/index.php?rest_route=%2Fwp%2Fv2%2Ftags&post=2370"}],"curies":[{"name":"wp","href":"https:\/\/api.w.org\/{rel}","templated":true}]}}