{"id":2373,"date":"2023-11-15T21:28:31","date_gmt":"2023-11-15T18:28:31","guid":{"rendered":"http:\/\/brassoi-turista-egyesulet.eu\/?p=2373"},"modified":"2023-11-15T21:28:51","modified_gmt":"2023-11-15T18:28:51","slug":"2023-december-2","status":"publish","type":"post","link":"https:\/\/brassoi-turista-egyesulet.eu\/?p=2373","title":{"rendered":"2023 december 2"},"content":{"rendered":"<div><\/div>\n<div><b>A k\u00f6vetkez\u0151 t\u00far\u00e1t december 2-\u00e1n szervezz\u00fck, ha nem esik az es\u0151.<\/b><\/div>\n<div><\/div>\n<div><span style=\"display:block;clear:both;height: 0px;padding-top: 20px;\"><\/span><\/div>\n<div>[singlepic id=11818 w=640 h=480 float=center]<\/div>\n<div><span style=\"display:block;clear:both;height: 0px;padding-top: 20px;\"><\/span><\/div>\n<div>\n<div>[singlepic id=11817 w=640 h=480 float=center]<\/div>\n<div><span style=\"display:block;clear:both;height: 0px;padding-top: 20px;\"><\/span><\/div>\n<div><\/div>\n<\/div>\n<div><b>A m\u00faltheti t\u00far\u00e1val kapcsolatban: Sepsiszentgy\u00f6rgy &#8211; SZ\u00c9KELY NEMZETI M\u00daZEUM<\/b><\/div>\n<div><b>Sepsiszentgy\u00f6rgy\u00f6n a fel\u00faj\u00edtott SZ\u00c9KELY NEMZETI M\u00daZEUMOT\u00a0 l\u00e1togattuk meg.\u00a0<\/b><\/div>\n<div><b>Sz\u00e9p, napos, de szeles\u00a0 id\u0151ben s\u00e9t\u00e1lgattunk Sepsiszentgy\u00f6rgy\u00f6n. D\u00e9lut\u00e1nra beborult \u00e9s kezdet esni az es\u0151.\u00a0<\/b>De ez minket nem zavart.<\/div>\n<div>Az euros p\u00e9nzb\u0151l fel\u00faj\u00edtott m\u00fazeumot l\u00e1togattuk meg.<\/div>\n<div>A moderniz\u00e1lt, hatalmas elektronikus k\u00e9pek gy\u00f6ny\u00f6r\u0171 l\u00e1tv\u00e1nyt mutattak.<\/div>\n<div><b>G\u00e1bor \u00c1ron \u00e1gy\u00faja is ki volt \u00e1ll\u00edtva.<\/b><\/div>\n<div><b>Gratul\u00e1lunk a fel\u00faj\u00edt\u00f3knak!<\/b><\/div>\n<div>Majd a m\u00fazeumot k\u00f6r\u00fclvev\u0151 parkban egy falusi h\u00e1zat l\u00e1togattunk meg.<\/div>\n<div>A fel\u00faj\u00edtott\u00a0 m\u00fazeumot l\u00e1tni kel, \u00e9rdemes ide ell\u00e1togatni.<\/div>\n<div><b>Fot\u00f3 gal\u00e9ria:<\/b><\/div>\n<div><span style=\"display:block;clear:both;height: 0px;padding-top: 20px;\"><\/span><\/div>\n<div>[nggallery id=965]<\/div>\n","protected":false},"excerpt":{"rendered":"<p>A k\u00f6vetkez\u0151 t\u00far\u00e1t december 2-\u00e1n szervezz\u00fck, ha nem esik az es\u0151. [singlepic id=11818 w=640 h=480 float=center] [singlepic id=11817 w=640 h=480 float=center] A m\u00faltheti t\u00far\u00e1val kapcsolatban: Sepsiszentgy\u00f6rgy &#8211; SZ\u00c9KELY NEMZETI M\u00daZEUM Sepsiszentgy\u00f6rgy\u00f6n a fel\u00faj\u00edtott SZ\u00c9KELY NEMZETI M\u00daZEUMOT\u00a0 l\u00e1togattuk meg.\u00a0 Sz\u00e9p, napos, de szeles\u00a0 id\u0151ben s\u00e9t\u00e1lgattunk Sepsiszentgy\u00f6rgy\u00f6n. D\u00e9lut\u00e1nra beborult \u00e9s kezdet esni az es\u0151.\u00a0De ez minket nem &hellip; <a href=\"https:\/\/brassoi-turista-egyesulet.eu\/?p=2373\" class=\"more-link\">Continue reading <span class=\"screen-reader-text\">2023 december 2<\/span> <span class=\"meta-nav\">&rarr;<\/span><\/a><\/p>\n","protected":false},"author":1,"featured_media":0,"comment_status":"closed","ping_status":"closed","sticky":false,"template":"","format":"standard","meta":{"footnotes":""},"categories":[2],"tags":[],"class_list":["post-2373","post","type-post","status-publish","format-standard","hentry","category-turak"],"_links":{"self":[{"href":"https:\/\/brassoi-turista-egyesulet.eu\/index.php?rest_route=\/wp\/v2\/posts\/2373","targetHints":{"allow":["GET"]}}],"collection":[{"href":"https:\/\/brassoi-turista-egyesulet.eu\/index.php?rest_route=\/wp\/v2\/posts"}],"about":[{"href":"https:\/\/brassoi-turista-egyesulet.eu\/index.php?rest_route=\/wp\/v2\/types\/post"}],"author":[{"embeddable":true,"href":"https:\/\/brassoi-turista-egyesulet.eu\/index.php?rest_route=\/wp\/v2\/users\/1"}],"replies":[{"embeddable":true,"href":"https:\/\/brassoi-turista-egyesulet.eu\/index.php?rest_route=%2Fwp%2Fv2%2Fcomments&post=2373"}],"version-history":[{"count":2,"href":"https:\/\/brassoi-turista-egyesulet.eu\/index.php?rest_route=\/wp\/v2\/posts\/2373\/revisions"}],"predecessor-version":[{"id":2375,"href":"https:\/\/brassoi-turista-egyesulet.eu\/index.php?rest_route=\/wp\/v2\/posts\/2373\/revisions\/2375"}],"wp:attachment":[{"href":"https:\/\/brassoi-turista-egyesulet.eu\/index.php?rest_route=%2Fwp%2Fv2%2Fmedia&parent=2373"}],"wp:term":[{"taxonomy":"category","embeddable":true,"href":"https:\/\/brassoi-turista-egyesulet.eu\/index.php?rest_route=%2Fwp%2Fv2%2Fcategories&post=2373"},{"taxonomy":"post_tag","embeddable":true,"href":"https:\/\/brassoi-turista-egyesulet.eu\/index.php?rest_route=%2Fwp%2Fv2%2Ftags&post=2373"}],"curies":[{"name":"wp","href":"https:\/\/api.w.org\/{rel}","templated":true}]}}