{"id":2376,"date":"2023-12-06T22:06:46","date_gmt":"2023-12-06T19:06:46","guid":{"rendered":"http:\/\/brassoi-turista-egyesulet.eu\/?p=2376"},"modified":"2023-12-06T22:06:46","modified_gmt":"2023-12-06T19:06:46","slug":"2023-december-9","status":"publish","type":"post","link":"https:\/\/brassoi-turista-egyesulet.eu\/?p=2376","title":{"rendered":"2023 december 9"},"content":{"rendered":"<p><b>A mikul\u00e1s t\u00far\u00e1t december 9-\u00e9n szervezz\u00fck, ha megfelel\u0151 lesz az id\u0151j\u00e1r\u00e1s.<\/b><\/p>\n<div>\n<div><span style=\"display:block;clear:both;height: 0px;padding-top: 20px;\"><\/span><\/div>\n<div>[singlepic id=11843 w=640 h=480 float=center]<\/div>\n<\/div>\n<div><span style=\"display:block;clear:both;height: 0px;padding-top: 20px;\"><\/span><\/div>\n<div>[singlepic id=11844 w=640 h=480 float=center]<\/div>\n<div><span style=\"display:block;clear:both;height: 0px;padding-top: 20px;\"><\/span><\/div>\n<div><b>\u00a0<\/b><\/div>\n<div><b>A m\u00faltheti t\u00far\u00e1val kapcsolatban: Brass\u00f3 kar\u00e1csonyf\u00e1ja.\u00a0<\/b><\/div>\n<div><b>A m\u00falth\u00e9t szombatj\u00e1n nagy havaz\u00e1s volt Brass\u00f3ban, de ennek a havaz\u00e1snak m\u00e1r nyoma sincs. Nagy felmeleged\u00e9s k\u00f6vetkezett, aminek m\u00e1r v\u00e9g. A december 2-\u00e1ra javasolt t\u00fara keret\u00e9n, meleg id\u0151ben a november 30-\u00e1n a Tan\u00e1cs t\u00e9ren fel\u00e1l\u00edtott kar\u00e1csonyf\u00e1t szeml\u00e9lt\u00fck meg. Brass\u00f3 belv\u00e1ros\u00e1t, k\u00f6szpont, Kapu utca, Kolostor utca, stb. sz\u00e9pen feldiszitett\u00e9k.\u00a0 \u00a0 \u00a0 \u00a0 \u00a0 \u00a0 \u00a0 \u00a0 \u00a0 \u00a0 \u00a0 \u00a0 \u00a0 \u00a0 \u00a0 \u00a0 \u00a0 \u00a0 \u00a0 \u00a0<\/b><\/div>\n<div><b>Rengetegen s\u00e9t\u00e1lgattak a kar\u00e1csfa k\u00f6r\u00fcl. Ekkora t\u00f6meggel sosem tal\u00e1lkoztunk.\u00a0<\/b><\/div>\n<div><b>Fot\u00f3 gal\u00e9ria:<\/b><\/div>\n<div><\/div>\n<div><span style=\"display:block;clear:both;height: 0px;padding-top: 20px;\"><\/span><\/div>\n<div>[nggallery id=967]<\/div>\n","protected":false},"excerpt":{"rendered":"<p>A mikul\u00e1s t\u00far\u00e1t december 9-\u00e9n szervezz\u00fck, ha megfelel\u0151 lesz az id\u0151j\u00e1r\u00e1s. [singlepic id=11843 w=640 h=480 float=center] [singlepic id=11844 w=640 h=480 float=center] \u00a0 A m\u00faltheti t\u00far\u00e1val kapcsolatban: Brass\u00f3 kar\u00e1csonyf\u00e1ja.\u00a0 A m\u00falth\u00e9t szombatj\u00e1n nagy havaz\u00e1s volt Brass\u00f3ban, de ennek a havaz\u00e1snak m\u00e1r nyoma sincs. Nagy felmeleged\u00e9s k\u00f6vetkezett, aminek m\u00e1r v\u00e9g. A december 2-\u00e1ra javasolt t\u00fara keret\u00e9n, meleg &hellip; <a href=\"https:\/\/brassoi-turista-egyesulet.eu\/?p=2376\" class=\"more-link\">Continue reading <span class=\"screen-reader-text\">2023 december 9<\/span> <span class=\"meta-nav\">&rarr;<\/span><\/a><\/p>\n","protected":false},"author":1,"featured_media":0,"comment_status":"closed","ping_status":"closed","sticky":false,"template":"","format":"standard","meta":{"footnotes":""},"categories":[2],"tags":[],"class_list":["post-2376","post","type-post","status-publish","format-standard","hentry","category-turak"],"_links":{"self":[{"href":"https:\/\/brassoi-turista-egyesulet.eu\/index.php?rest_route=\/wp\/v2\/posts\/2376","targetHints":{"allow":["GET"]}}],"collection":[{"href":"https:\/\/brassoi-turista-egyesulet.eu\/index.php?rest_route=\/wp\/v2\/posts"}],"about":[{"href":"https:\/\/brassoi-turista-egyesulet.eu\/index.php?rest_route=\/wp\/v2\/types\/post"}],"author":[{"embeddable":true,"href":"https:\/\/brassoi-turista-egyesulet.eu\/index.php?rest_route=\/wp\/v2\/users\/1"}],"replies":[{"embeddable":true,"href":"https:\/\/brassoi-turista-egyesulet.eu\/index.php?rest_route=%2Fwp%2Fv2%2Fcomments&post=2376"}],"version-history":[{"count":1,"href":"https:\/\/brassoi-turista-egyesulet.eu\/index.php?rest_route=\/wp\/v2\/posts\/2376\/revisions"}],"predecessor-version":[{"id":2377,"href":"https:\/\/brassoi-turista-egyesulet.eu\/index.php?rest_route=\/wp\/v2\/posts\/2376\/revisions\/2377"}],"wp:attachment":[{"href":"https:\/\/brassoi-turista-egyesulet.eu\/index.php?rest_route=%2Fwp%2Fv2%2Fmedia&parent=2376"}],"wp:term":[{"taxonomy":"category","embeddable":true,"href":"https:\/\/brassoi-turista-egyesulet.eu\/index.php?rest_route=%2Fwp%2Fv2%2Fcategories&post=2376"},{"taxonomy":"post_tag","embeddable":true,"href":"https:\/\/brassoi-turista-egyesulet.eu\/index.php?rest_route=%2Fwp%2Fv2%2Ftags&post=2376"}],"curies":[{"name":"wp","href":"https:\/\/api.w.org\/{rel}","templated":true}]}}