{"id":2387,"date":"2024-01-10T19:55:46","date_gmt":"2024-01-10T16:55:46","guid":{"rendered":"http:\/\/brassoi-turista-egyesulet.eu\/?p=2387"},"modified":"2024-01-10T19:55:46","modified_gmt":"2024-01-10T16:55:46","slug":"2024-januar-19","status":"publish","type":"post","link":"https:\/\/brassoi-turista-egyesulet.eu\/?p=2387","title":{"rendered":"2024 janu\u00e1r 19"},"content":{"rendered":"<div><b>T\u00far\u00e1t legk\u00f6zelebb janu\u00e1r 19-\u00e9n szervez\u00fcnk.<\/b><\/div>\n<div><b>\u00a0<\/b><\/div>\n<div><span style=\"display:block;clear:both;height: 0px;padding-top: 20px;\"><\/span><\/div>\n<div>[singlepic id=11899]<\/div>\n<div>\n<div><span style=\"display:block;clear:both;height: 0px;padding-top: 20px;\"><\/span><\/div>\n<div>[singlepic id=11900]<\/div>\n<div>\n<div><span style=\"display:block;clear:both;height: 0px;padding-top: 20px;\"><\/span><\/div>\n<div>[singlepic id=11901]<\/div>\n<div><span style=\"display:block;clear:both;height: 0px;padding-top: 20px;\"><\/span><\/div>\n<\/div>\n<\/div>\n<div><\/div>\n<div><b>A m\u00falt\u00e9vi esem\u00e9nyekkel kapcsolatban:<\/b><\/div>\n<div><b>Az \u00e9v utols\u00f3 napj\u00e1n, 2023 december 31-\u00e9n tavaszias id\u0151ben az \u00d3-esztend\u0151t b\u00facs\u00faztatuk, pezsg\u0151vel koccintottunk.\u00a0<\/b><\/div>\n<div><b>Janu\u00e1r elsej\u00e9n, 2024\u00a0 pezsg\u0151 koccint\u00e1ssal k\u00f6sz\u00f6nt\u00f6tt\u00fck az \u00daj \u00e9vet.<\/b><\/div>\n<div><b>A janu\u00e1r 8-\u00e1ra tervezett t\u00far\u00e1t az el\u0151re jelzett rossz id\u0151j\u00e1r\u00e1s miatt, janu\u00e1r 6-\u00e1n szervezt\u00fck meg.\u00a0<\/b><\/div>\n<div><b>Az \u00daj \u00e9v els\u0151 t\u00far\u00e1ja, janu\u00e1r 6-\u00e1n:\u00a0 a Brass\u00f3- Als\u00f3 \u00e9s Fels\u0151-Poj\u00e1n\u00e1ba kir\u00e1ndultunk.<\/b><\/div>\n<div>Az id\u0151j\u00e1r\u00e1s egy kiss\u00e9 felh\u0151s, de sz\u00e9lcsendes kellemes meleg volt, sokkal melegebb, mint\u00a0<b>Brass\u00f3ban.\u00a0<\/b>H\u00f3, csak a hegyoldalakon volt l\u00e1that\u00f3.<\/div>\n<div>A gondola kiindul\u00f3 hely\u00e9t\u0151l, sz\u00e9p kil\u00e1t\u00e1s volt l\u00e1that\u00f3 a Naps\u00fct\u00e9sben ragyog\u00f3\u00a0<b>kir\u00e1lyk\u0151re.\u00a0<\/b>A feh\u00e9ren, behavazott\u00a0<b>B\u00facsecs-hegys\u00e9g\u00a0<\/b>is gy\u00f6ny\u00f6rk\u00f6dtette mag\u00e1t az\u00a0<b>als\u00f3-Poj\u00e1n\u00e1ban.\u00a0<\/b>Ez a k\u00e9t l\u00e1tv\u00e1ny meg\u00e9rte a kir\u00e1ndul\u00e1st.<\/div>\n<div>Rengeteg\u00a0<span class=\"il\">turista<\/span>, az aut\u00f3buszok t\u00f6megesen k\u00f6zlekedtek felfel\u00e9, a 100-as busz is k\u00f6zlekedett a gondol\u00e1ig a nagy\u00e1llom\u00e1sr\u00f3l minden \u00f3r\u00e1ban.<\/div>\n<div>M\u00e1snap, vas\u00e1rnap eg\u00e9sznap esett az es\u0151.<\/div>\n<div><b>Fot\u00f3 gal\u00e9ria:<\/b><\/div>\n<div><\/div>\n<div><span style=\"display:block;clear:both;height: 0px;padding-top: 20px;\"><\/span><\/div>\n<div>[nggallery id=973]<\/div>\n","protected":false},"excerpt":{"rendered":"<p>T\u00far\u00e1t legk\u00f6zelebb janu\u00e1r 19-\u00e9n szervez\u00fcnk. \u00a0 [singlepic id=11899] [singlepic id=11900] [singlepic id=11901] A m\u00falt\u00e9vi esem\u00e9nyekkel kapcsolatban: Az \u00e9v utols\u00f3 napj\u00e1n, 2023 december 31-\u00e9n tavaszias id\u0151ben az \u00d3-esztend\u0151t b\u00facs\u00faztatuk, pezsg\u0151vel koccintottunk.\u00a0 Janu\u00e1r elsej\u00e9n, 2024\u00a0 pezsg\u0151 koccint\u00e1ssal k\u00f6sz\u00f6nt\u00f6tt\u00fck az \u00daj \u00e9vet. A janu\u00e1r 8-\u00e1ra tervezett t\u00far\u00e1t az el\u0151re jelzett rossz id\u0151j\u00e1r\u00e1s miatt, janu\u00e1r 6-\u00e1n szervezt\u00fck meg.\u00a0 Az &hellip; <a href=\"https:\/\/brassoi-turista-egyesulet.eu\/?p=2387\" class=\"more-link\">Continue reading <span class=\"screen-reader-text\">2024 janu\u00e1r 19<\/span> <span class=\"meta-nav\">&rarr;<\/span><\/a><\/p>\n","protected":false},"author":1,"featured_media":0,"comment_status":"closed","ping_status":"closed","sticky":false,"template":"","format":"standard","meta":{"footnotes":""},"categories":[2],"tags":[],"class_list":["post-2387","post","type-post","status-publish","format-standard","hentry","category-turak"],"_links":{"self":[{"href":"https:\/\/brassoi-turista-egyesulet.eu\/index.php?rest_route=\/wp\/v2\/posts\/2387","targetHints":{"allow":["GET"]}}],"collection":[{"href":"https:\/\/brassoi-turista-egyesulet.eu\/index.php?rest_route=\/wp\/v2\/posts"}],"about":[{"href":"https:\/\/brassoi-turista-egyesulet.eu\/index.php?rest_route=\/wp\/v2\/types\/post"}],"author":[{"embeddable":true,"href":"https:\/\/brassoi-turista-egyesulet.eu\/index.php?rest_route=\/wp\/v2\/users\/1"}],"replies":[{"embeddable":true,"href":"https:\/\/brassoi-turista-egyesulet.eu\/index.php?rest_route=%2Fwp%2Fv2%2Fcomments&post=2387"}],"version-history":[{"count":1,"href":"https:\/\/brassoi-turista-egyesulet.eu\/index.php?rest_route=\/wp\/v2\/posts\/2387\/revisions"}],"predecessor-version":[{"id":2388,"href":"https:\/\/brassoi-turista-egyesulet.eu\/index.php?rest_route=\/wp\/v2\/posts\/2387\/revisions\/2388"}],"wp:attachment":[{"href":"https:\/\/brassoi-turista-egyesulet.eu\/index.php?rest_route=%2Fwp%2Fv2%2Fmedia&parent=2387"}],"wp:term":[{"taxonomy":"category","embeddable":true,"href":"https:\/\/brassoi-turista-egyesulet.eu\/index.php?rest_route=%2Fwp%2Fv2%2Fcategories&post=2387"},{"taxonomy":"post_tag","embeddable":true,"href":"https:\/\/brassoi-turista-egyesulet.eu\/index.php?rest_route=%2Fwp%2Fv2%2Ftags&post=2387"}],"curies":[{"name":"wp","href":"https:\/\/api.w.org\/{rel}","templated":true}]}}