{"id":2393,"date":"2024-02-21T20:53:36","date_gmt":"2024-02-21T17:53:36","guid":{"rendered":"http:\/\/brassoi-turista-egyesulet.eu\/?p=2393"},"modified":"2024-02-21T20:54:25","modified_gmt":"2024-02-21T17:54:25","slug":"2024-februar-24","status":"publish","type":"post","link":"https:\/\/brassoi-turista-egyesulet.eu\/?p=2393","title":{"rendered":"2024 febru\u00e1r 24"},"content":{"rendered":"<p>&nbsp;<\/p>\n<div><b>T\u00far\u00e1t legk\u00f6zelebb febru\u00e1r 24-\u00e9n szervez\u00fcnk.<\/b><\/div>\n<div><\/div>\n<div><span style=\"display:block;clear:both;height: 0px;padding-top: 20px;\"><\/span><\/div>\n<div>[singlepic id=11967 w=640 h=480 float=center]<\/div>\n<div>\n<div><span style=\"display:block;clear:both;height: 0px;padding-top: 20px;\"><\/span><\/div>\n<div>[singlepic id=11966 w=640 h=480 float=center]<\/div>\n<div><span style=\"display:block;clear:both;height: 0px;padding-top: 20px;\"><\/span><\/div>\n<\/div>\n<div><\/div>\n<div><b>\u00a0<\/b><\/div>\n<div><b>A m\u00faltheti t\u00far\u00e1val kapcsolatban: Szalonna v\u00e1s\u00e1r. SZALONNA FESZT.<\/b><\/div>\n<div><b>Febru\u00e1r 17-\u00e9n szombaton kellemes j\u00f3 id\u0151 \u00edg\u00e9rkezett.\u00a0\u00a0<\/b><b>Brass\u00f3ban\u00a0<\/b>az evang\u00e9likus templom k\u00f6zel\u00e9ben v\u00e1s\u00e1rt\u00a0 szerveztek. A k\u00fcl\u00f6nb\u00f6z\u0151 szalonn\u00e1k mellett sokf\u00e9le term\u00e9k volt ki\u00e1ll\u00edtva. A k\u00fcrt\u00f6skal\u00e1cs se hi\u00e1nyzott. Mindenf\u00e9le ital is nagy v\u00e1laszt\u00e9ka volt el\u00e9rthet\u0151.<\/div>\n<div>A j\u00f3 id\u0151nek k\u00f6sz\u00f6nhet\u0151en nagy volt a r\u00e9szv\u00e9tel. A legkisebb gyerekt\u0151l, id\u0151s korig voltak ott. Persze sokan csak b\u00e1m\u00e9szkodtak.<\/div>\n<div><b>A<\/b>\u00a0<b>fot\u00f3 gal\u00e9ri\u00e1ban a ki\u00e1ll\u00edtott finoms\u00e1gokhoz j\u00f3 \u00e9tv\u00e1gyat k\u00edv\u00e1nunk.<\/b><\/div>\n<div><b>Fot\u00f3 gal\u00e9ria:\u00a0<\/b><\/div>\n<div><\/div>\n<div><span style=\"display:block;clear:both;height: 0px;padding-top: 20px;\"><\/span><\/div>\n<div>[nggallery id=979]<\/div>\n","protected":false},"excerpt":{"rendered":"<p>&nbsp; T\u00far\u00e1t legk\u00f6zelebb febru\u00e1r 24-\u00e9n szervez\u00fcnk. [singlepic id=11967 w=640 h=480 float=center] [singlepic id=11966 w=640 h=480 float=center] \u00a0 A m\u00faltheti t\u00far\u00e1val kapcsolatban: Szalonna v\u00e1s\u00e1r. SZALONNA FESZT. Febru\u00e1r 17-\u00e9n szombaton kellemes j\u00f3 id\u0151 \u00edg\u00e9rkezett.\u00a0\u00a0Brass\u00f3ban\u00a0az evang\u00e9likus templom k\u00f6zel\u00e9ben v\u00e1s\u00e1rt\u00a0 szerveztek. A k\u00fcl\u00f6nb\u00f6z\u0151 szalonn\u00e1k mellett sokf\u00e9le term\u00e9k volt ki\u00e1ll\u00edtva. A k\u00fcrt\u00f6skal\u00e1cs se hi\u00e1nyzott. Mindenf\u00e9le ital is nagy v\u00e1laszt\u00e9ka volt &hellip; <a href=\"https:\/\/brassoi-turista-egyesulet.eu\/?p=2393\" class=\"more-link\">Continue reading <span class=\"screen-reader-text\">2024 febru\u00e1r 24<\/span> <span class=\"meta-nav\">&rarr;<\/span><\/a><\/p>\n","protected":false},"author":1,"featured_media":0,"comment_status":"closed","ping_status":"closed","sticky":false,"template":"","format":"standard","meta":{"footnotes":""},"categories":[2],"tags":[],"class_list":["post-2393","post","type-post","status-publish","format-standard","hentry","category-turak"],"_links":{"self":[{"href":"https:\/\/brassoi-turista-egyesulet.eu\/index.php?rest_route=\/wp\/v2\/posts\/2393","targetHints":{"allow":["GET"]}}],"collection":[{"href":"https:\/\/brassoi-turista-egyesulet.eu\/index.php?rest_route=\/wp\/v2\/posts"}],"about":[{"href":"https:\/\/brassoi-turista-egyesulet.eu\/index.php?rest_route=\/wp\/v2\/types\/post"}],"author":[{"embeddable":true,"href":"https:\/\/brassoi-turista-egyesulet.eu\/index.php?rest_route=\/wp\/v2\/users\/1"}],"replies":[{"embeddable":true,"href":"https:\/\/brassoi-turista-egyesulet.eu\/index.php?rest_route=%2Fwp%2Fv2%2Fcomments&post=2393"}],"version-history":[{"count":1,"href":"https:\/\/brassoi-turista-egyesulet.eu\/index.php?rest_route=\/wp\/v2\/posts\/2393\/revisions"}],"predecessor-version":[{"id":2394,"href":"https:\/\/brassoi-turista-egyesulet.eu\/index.php?rest_route=\/wp\/v2\/posts\/2393\/revisions\/2394"}],"wp:attachment":[{"href":"https:\/\/brassoi-turista-egyesulet.eu\/index.php?rest_route=%2Fwp%2Fv2%2Fmedia&parent=2393"}],"wp:term":[{"taxonomy":"category","embeddable":true,"href":"https:\/\/brassoi-turista-egyesulet.eu\/index.php?rest_route=%2Fwp%2Fv2%2Fcategories&post=2393"},{"taxonomy":"post_tag","embeddable":true,"href":"https:\/\/brassoi-turista-egyesulet.eu\/index.php?rest_route=%2Fwp%2Fv2%2Ftags&post=2393"}],"curies":[{"name":"wp","href":"https:\/\/api.w.org\/{rel}","templated":true}]}}