{"id":2400,"date":"2024-03-13T20:14:33","date_gmt":"2024-03-13T17:14:33","guid":{"rendered":"http:\/\/brassoi-turista-egyesulet.eu\/?p=2400"},"modified":"2024-03-13T20:14:57","modified_gmt":"2024-03-13T17:14:57","slug":"2024-marcius-23-30","status":"publish","type":"post","link":"https:\/\/brassoi-turista-egyesulet.eu\/?p=2400","title":{"rendered":"2024 m\u00e1rcius 23 &#8211; 30"},"content":{"rendered":"<div><b>\u00a0<\/b><\/div>\n<div><b>T\u00far\u00e1t legk\u00f6zelebb a h\u00f3nap v\u00e9g\u00e9n szervez\u00fcnk az id\u0151j\u00e1r\u00e1st\u00f3l f\u00fcgg\u0151en.\u00a0<\/b><\/div>\n<div><b>\u00a0<\/b><\/div>\n<div>\n<div><span style=\"display:block;clear:both;height: 0px;padding-top: 20px;\"><\/span><\/div>\n<div>[singlepic id=11990 w=640 h=480 float=center]<\/div>\n<div><span style=\"display:block;clear:both;height: 0px;padding-top: 20px;\"><\/span><\/div>\n<div>\n<div>[singlepic id=11989 w=640 h=480 float=center]<\/div>\n<div><span style=\"display:block;clear:both;height: 0px;padding-top: 20px;\"><\/span><\/div>\n<\/div>\n<\/div>\n<div><b>\u00a0<\/b><\/div>\n<div><b>\u00a0<\/b><\/div>\n<div><b>A m\u00faltheti t\u00far\u00e1val kapcsolatban:\u00a0 M\u00e1rcius 8. Nemzetk\u00f6zi n\u0151nap.\u00a0\u00a0<\/b><\/div>\n<div><b>M\u00e1rcius 8-\u00e1n.\u00a0<\/b>Kellemes sz\u00e9p id\u0151ben ment\u00fcnk fel a\u00a0<b>Brass\u00f3-<\/b><b>Poj\u00e1n\u00e1ban.\u00a0<\/b>A hegyoldalakon\u00a0 \u00a0\u00a0<b>kr\u00f3kusz-kikerics\u00a0<\/b>t\u00f6meges vir\u00e1gz\u00e1sa t\u00fcnd\u00f6k\u00f6lt. \u00dcnnepl\u00e9sre alkalmas hely volt.<\/div>\n<div><b>A NEMZETKK\u00d6ZI N\u0150NAPOT a Fekete Kecske panzi\u00f3ban \u00fcnnepelt\u00fck meg.\u00a0<\/b><\/div>\n<div><b>\u00a0 \u00a0 \u00a0 \u00a0 \u00a0 \u00a0 \u00a0 \u00a0 \u00a0 \u00a0SOK SZERETETEL K\u00d6SZ\u00d6NTJ\u00dcK A H\u00d6LGYEKET!<\/b><\/div>\n<div><\/div>\n<div><b>\u00a0<\/b><span style=\"display:block;clear:both;height: 0px;padding-top: 20px;\"><\/span><\/div>\n<div>[singlepic id=11988 w=640 h=480 float=center]<\/div>\n<div><span style=\"display:block;clear:both;height: 0px;padding-top: 20px;\"><\/span><\/div>\n<div><b>\u00a0 \u00a0 \u00a0 \u00a0 \u00a0<\/b><\/div>\n<div><b>\u00a0 \u00a0 \u00a0 \u00a0 \u00a0 \u00a0M\u00c1RCIUS 15-\u00c9N AZ 1848-49 SZABADS\u00c1GHARCR\u00d3L EML\u00c9KEZ\u00dcNK MEG.\u00a0 \u00a0<\/b><\/div>\n","protected":false},"excerpt":{"rendered":"<p>\u00a0 T\u00far\u00e1t legk\u00f6zelebb a h\u00f3nap v\u00e9g\u00e9n szervez\u00fcnk az id\u0151j\u00e1r\u00e1st\u00f3l f\u00fcgg\u0151en.\u00a0 \u00a0 [singlepic id=11990 w=640 h=480 float=center] [singlepic id=11989 w=640 h=480 float=center] \u00a0 \u00a0 A m\u00faltheti t\u00far\u00e1val kapcsolatban:\u00a0 M\u00e1rcius 8. Nemzetk\u00f6zi n\u0151nap.\u00a0\u00a0 M\u00e1rcius 8-\u00e1n.\u00a0Kellemes sz\u00e9p id\u0151ben ment\u00fcnk fel a\u00a0Brass\u00f3-Poj\u00e1n\u00e1ban.\u00a0A hegyoldalakon\u00a0 \u00a0\u00a0kr\u00f3kusz-kikerics\u00a0t\u00f6meges vir\u00e1gz\u00e1sa t\u00fcnd\u00f6k\u00f6lt. \u00dcnnepl\u00e9sre alkalmas hely volt. A NEMZETKK\u00d6ZI N\u0150NAPOT a Fekete Kecske panzi\u00f3ban \u00fcnnepelt\u00fck meg.\u00a0 &hellip; <a href=\"https:\/\/brassoi-turista-egyesulet.eu\/?p=2400\" class=\"more-link\">Continue reading <span class=\"screen-reader-text\">2024 m\u00e1rcius 23 &#8211; 30<\/span> <span class=\"meta-nav\">&rarr;<\/span><\/a><\/p>\n","protected":false},"author":1,"featured_media":0,"comment_status":"closed","ping_status":"closed","sticky":false,"template":"","format":"standard","meta":{"footnotes":""},"categories":[2],"tags":[],"class_list":["post-2400","post","type-post","status-publish","format-standard","hentry","category-turak"],"_links":{"self":[{"href":"https:\/\/brassoi-turista-egyesulet.eu\/index.php?rest_route=\/wp\/v2\/posts\/2400","targetHints":{"allow":["GET"]}}],"collection":[{"href":"https:\/\/brassoi-turista-egyesulet.eu\/index.php?rest_route=\/wp\/v2\/posts"}],"about":[{"href":"https:\/\/brassoi-turista-egyesulet.eu\/index.php?rest_route=\/wp\/v2\/types\/post"}],"author":[{"embeddable":true,"href":"https:\/\/brassoi-turista-egyesulet.eu\/index.php?rest_route=\/wp\/v2\/users\/1"}],"replies":[{"embeddable":true,"href":"https:\/\/brassoi-turista-egyesulet.eu\/index.php?rest_route=%2Fwp%2Fv2%2Fcomments&post=2400"}],"version-history":[{"count":2,"href":"https:\/\/brassoi-turista-egyesulet.eu\/index.php?rest_route=\/wp\/v2\/posts\/2400\/revisions"}],"predecessor-version":[{"id":2402,"href":"https:\/\/brassoi-turista-egyesulet.eu\/index.php?rest_route=\/wp\/v2\/posts\/2400\/revisions\/2402"}],"wp:attachment":[{"href":"https:\/\/brassoi-turista-egyesulet.eu\/index.php?rest_route=%2Fwp%2Fv2%2Fmedia&parent=2400"}],"wp:term":[{"taxonomy":"category","embeddable":true,"href":"https:\/\/brassoi-turista-egyesulet.eu\/index.php?rest_route=%2Fwp%2Fv2%2Fcategories&post=2400"},{"taxonomy":"post_tag","embeddable":true,"href":"https:\/\/brassoi-turista-egyesulet.eu\/index.php?rest_route=%2Fwp%2Fv2%2Ftags&post=2400"}],"curies":[{"name":"wp","href":"https:\/\/api.w.org\/{rel}","templated":true}]}}