{"id":2428,"date":"2024-09-03T20:47:59","date_gmt":"2024-09-03T17:47:59","guid":{"rendered":"http:\/\/brassoi-turista-egyesulet.eu\/?p=2428"},"modified":"2024-09-03T20:47:59","modified_gmt":"2024-09-03T17:47:59","slug":"oktoberfeszt","status":"publish","type":"post","link":"https:\/\/brassoi-turista-egyesulet.eu\/?p=2428","title":{"rendered":"Okt\u00f3berfeszt"},"content":{"rendered":"<p><b>2024 szeptember 1.<\/b><\/p>\n<p><span style=\"display:block;clear:both;height: 0px;padding-top: 20px;\"><\/span><br \/>\n[singlepic id=12164 w=640 h=480 float=center]<br \/>\n<span style=\"display:block;clear:both;height: 0px;padding-top: 20px;\"><\/span><br \/>\n[singlepic id=12165 w=640 h=480 float=center]<br \/>\n<span style=\"display:block;clear:both;height: 0px;padding-top: 20px;\"><\/span><br \/>\n[singlepic id=12166 w=640 h=480 float=center]<br \/>\n<span style=\"display:block;clear:both;height: 0px;padding-top: 20px;\"><\/span><\/p>\n<div><b>Okt\u00f3berfeszt.<\/b><\/div>\n<div>Vas\u00e1rnap, kellemes, naps\u00fct\u00e9ses id\u0151ben s\u00e9t\u00e1lgattunk az Oktoberfesz rendezv\u00e9nyen.<\/div>\n<div>El\u00e9g sokan s\u00e9t\u00e1lgattak a s\u00e1trak k\u00f6z\u00f6tt. K\u00fcl\u00f6nleges \u00e9p\u00edtm\u00e9nyek voltak l\u00e1that\u00f3k. Nagy \u00e9lelem k\u00edn\u00e1lat, az \u00e9tkez\u0151 asztal\u00f3k zs\u00fafoltak voltak. A\u00a0 k\u00fcrt\u00f6skal\u00e1cs \u00e9s a\u00a0 l\u00e1ngos sem hi\u00e1nyzott. A sz\u00f3rakoz\u00e1si lehet\u0151s\u00e9gek sem hi\u00e1nyoztak.<\/div>\n<div><b>A fot\u00f3 gal\u00e9ri\u00e1ban egy p\u00e1r felv\u00e9telt k\u00f6zl\u00fcnk:\u00a0\u00a0<\/b><\/div>\n<div><\/div>\n<div><span style=\"display:block;clear:both;height: 0px;padding-top: 20px;\"><\/span><\/div>\n<div>[nggallery id=997]<\/div>\n","protected":false},"excerpt":{"rendered":"<p>2024 szeptember 1. [singlepic id=12164 w=640 h=480 float=center] [singlepic id=12165 w=640 h=480 float=center] [singlepic id=12166 w=640 h=480 float=center] Okt\u00f3berfeszt. Vas\u00e1rnap, kellemes, naps\u00fct\u00e9ses id\u0151ben s\u00e9t\u00e1lgattunk az Oktoberfesz rendezv\u00e9nyen. El\u00e9g sokan s\u00e9t\u00e1lgattak a s\u00e1trak k\u00f6z\u00f6tt. K\u00fcl\u00f6nleges \u00e9p\u00edtm\u00e9nyek voltak l\u00e1that\u00f3k. Nagy \u00e9lelem k\u00edn\u00e1lat, az \u00e9tkez\u0151 asztal\u00f3k zs\u00fafoltak voltak. A\u00a0 k\u00fcrt\u00f6skal\u00e1cs \u00e9s a\u00a0 l\u00e1ngos sem hi\u00e1nyzott. A sz\u00f3rakoz\u00e1si lehet\u0151s\u00e9gek &hellip; <a href=\"https:\/\/brassoi-turista-egyesulet.eu\/?p=2428\" class=\"more-link\">Continue reading <span class=\"screen-reader-text\">Okt\u00f3berfeszt<\/span> <span class=\"meta-nav\">&rarr;<\/span><\/a><\/p>\n","protected":false},"author":1,"featured_media":0,"comment_status":"closed","ping_status":"closed","sticky":false,"template":"","format":"standard","meta":{"footnotes":""},"categories":[2],"tags":[],"class_list":["post-2428","post","type-post","status-publish","format-standard","hentry","category-turak"],"_links":{"self":[{"href":"https:\/\/brassoi-turista-egyesulet.eu\/index.php?rest_route=\/wp\/v2\/posts\/2428","targetHints":{"allow":["GET"]}}],"collection":[{"href":"https:\/\/brassoi-turista-egyesulet.eu\/index.php?rest_route=\/wp\/v2\/posts"}],"about":[{"href":"https:\/\/brassoi-turista-egyesulet.eu\/index.php?rest_route=\/wp\/v2\/types\/post"}],"author":[{"embeddable":true,"href":"https:\/\/brassoi-turista-egyesulet.eu\/index.php?rest_route=\/wp\/v2\/users\/1"}],"replies":[{"embeddable":true,"href":"https:\/\/brassoi-turista-egyesulet.eu\/index.php?rest_route=%2Fwp%2Fv2%2Fcomments&post=2428"}],"version-history":[{"count":1,"href":"https:\/\/brassoi-turista-egyesulet.eu\/index.php?rest_route=\/wp\/v2\/posts\/2428\/revisions"}],"predecessor-version":[{"id":2429,"href":"https:\/\/brassoi-turista-egyesulet.eu\/index.php?rest_route=\/wp\/v2\/posts\/2428\/revisions\/2429"}],"wp:attachment":[{"href":"https:\/\/brassoi-turista-egyesulet.eu\/index.php?rest_route=%2Fwp%2Fv2%2Fmedia&parent=2428"}],"wp:term":[{"taxonomy":"category","embeddable":true,"href":"https:\/\/brassoi-turista-egyesulet.eu\/index.php?rest_route=%2Fwp%2Fv2%2Fcategories&post=2428"},{"taxonomy":"post_tag","embeddable":true,"href":"https:\/\/brassoi-turista-egyesulet.eu\/index.php?rest_route=%2Fwp%2Fv2%2Ftags&post=2428"}],"curies":[{"name":"wp","href":"https:\/\/api.w.org\/{rel}","templated":true}]}}