{"id":2430,"date":"2024-09-25T21:10:49","date_gmt":"2024-09-25T18:10:49","guid":{"rendered":"http:\/\/brassoi-turista-egyesulet.eu\/?p=2430"},"modified":"2024-09-25T21:10:49","modified_gmt":"2024-09-25T18:10:49","slug":"brassoi-magyar-napok","status":"publish","type":"post","link":"https:\/\/brassoi-turista-egyesulet.eu\/?p=2430","title":{"rendered":"Brass\u00f3i Magyar Napok"},"content":{"rendered":"<p><span style=\"display:block;clear:both;height: 0px;padding-top: 20px;\"><\/span><br \/>\n[singlepic id=12191 w=640 h=480 float=center]<br \/>\n<span style=\"display:block;clear:both;height: 0px;padding-top: 20px;\"><\/span><br \/>\n[singlepic id=12192 w=640 h=480 float=center]<br \/>\n<span style=\"display:block;clear:both;height: 0px;padding-top: 20px;\"><\/span><\/p>\n<p>Szombaton \u00e9s vas\u00e1rnap az \u00c1prily Lajos\u00a0 iskola udvaron\u00a0 s\u00e9t\u00e1lgattunk a\u00a0<b>MAGYAR NAPOKON<\/b>. A fel\u00e1ll\u00edtott s\u00e1trak k\u00fcl\u00f6nb\u00f6z\u0151 rendezv\u00e9nyeket mutattak be. Persze a k\u00fcrt\u00f6skal\u00e1cs \u00e9s a l\u00e1ngos sem hi\u00e1nyzott.\u00a0 Az \u00e9tkez\u00e9sre fel\u00e1ll\u00edtott asztalok foglaltak voltak. Minden fel\u00e9 nagy volt az \u00e9rdekl\u0151d\u00e9s.<\/p>\n<div><b>Fot\u00f3 gal\u00e9ria:<\/b><\/div>\n<div><\/div>\n<div><span style=\"display:block;clear:both;height: 0px;padding-top: 20px;\"><\/span><\/div>\n<div>[nggallery id=998]<\/div>\n<div><span style=\"display:block;clear:both;height: 0px;padding-top: 20px;\"><\/span><\/div>\n<div><\/div>\n<div>Mivel nagy a medve-vesz\u00e9ly, kir\u00e1ndul\u00e1st nem szervez\u00fcnk,\u00a0 egyel\u0151re.<\/div>\n","protected":false},"excerpt":{"rendered":"<p>[singlepic id=12191 w=640 h=480 float=center] [singlepic id=12192 w=640 h=480 float=center] Szombaton \u00e9s vas\u00e1rnap az \u00c1prily Lajos\u00a0 iskola udvaron\u00a0 s\u00e9t\u00e1lgattunk a\u00a0MAGYAR NAPOKON. A fel\u00e1ll\u00edtott s\u00e1trak k\u00fcl\u00f6nb\u00f6z\u0151 rendezv\u00e9nyeket mutattak be. Persze a k\u00fcrt\u00f6skal\u00e1cs \u00e9s a l\u00e1ngos sem hi\u00e1nyzott.\u00a0 Az \u00e9tkez\u00e9sre fel\u00e1ll\u00edtott asztalok foglaltak voltak. Minden fel\u00e9 nagy volt az \u00e9rdekl\u0151d\u00e9s. Fot\u00f3 gal\u00e9ria: [nggallery id=998] Mivel nagy a &hellip; <a href=\"https:\/\/brassoi-turista-egyesulet.eu\/?p=2430\" class=\"more-link\">Continue reading <span class=\"screen-reader-text\">Brass\u00f3i Magyar Napok<\/span> <span class=\"meta-nav\">&rarr;<\/span><\/a><\/p>\n","protected":false},"author":1,"featured_media":0,"comment_status":"closed","ping_status":"closed","sticky":false,"template":"","format":"standard","meta":{"footnotes":""},"categories":[2],"tags":[],"class_list":["post-2430","post","type-post","status-publish","format-standard","hentry","category-turak"],"_links":{"self":[{"href":"https:\/\/brassoi-turista-egyesulet.eu\/index.php?rest_route=\/wp\/v2\/posts\/2430","targetHints":{"allow":["GET"]}}],"collection":[{"href":"https:\/\/brassoi-turista-egyesulet.eu\/index.php?rest_route=\/wp\/v2\/posts"}],"about":[{"href":"https:\/\/brassoi-turista-egyesulet.eu\/index.php?rest_route=\/wp\/v2\/types\/post"}],"author":[{"embeddable":true,"href":"https:\/\/brassoi-turista-egyesulet.eu\/index.php?rest_route=\/wp\/v2\/users\/1"}],"replies":[{"embeddable":true,"href":"https:\/\/brassoi-turista-egyesulet.eu\/index.php?rest_route=%2Fwp%2Fv2%2Fcomments&post=2430"}],"version-history":[{"count":1,"href":"https:\/\/brassoi-turista-egyesulet.eu\/index.php?rest_route=\/wp\/v2\/posts\/2430\/revisions"}],"predecessor-version":[{"id":2431,"href":"https:\/\/brassoi-turista-egyesulet.eu\/index.php?rest_route=\/wp\/v2\/posts\/2430\/revisions\/2431"}],"wp:attachment":[{"href":"https:\/\/brassoi-turista-egyesulet.eu\/index.php?rest_route=%2Fwp%2Fv2%2Fmedia&parent=2430"}],"wp:term":[{"taxonomy":"category","embeddable":true,"href":"https:\/\/brassoi-turista-egyesulet.eu\/index.php?rest_route=%2Fwp%2Fv2%2Fcategories&post=2430"},{"taxonomy":"post_tag","embeddable":true,"href":"https:\/\/brassoi-turista-egyesulet.eu\/index.php?rest_route=%2Fwp%2Fv2%2Ftags&post=2430"}],"curies":[{"name":"wp","href":"https:\/\/api.w.org\/{rel}","templated":true}]}}